
{"id":93101,"date":"2021-02-14T09:53:33","date_gmt":"2021-02-14T12:53:33","guid":{"rendered":"https:\/\/www.sudoestehoje.com.br\/novoportal\/?p=93101"},"modified":"2021-02-14T09:53:33","modified_gmt":"2021-02-14T12:53:33","slug":"itapetinga-instalacao-de-grupo-gerador-normaliza-abastecimento-de-agua-pelo-saae","status":"publish","type":"post","link":"https:\/\/www.sudoestehoje.com.br\/novoportal\/2021\/02\/14\/itapetinga-instalacao-de-grupo-gerador-normaliza-abastecimento-de-agua-pelo-saae\/","title":{"rendered":"ITAPETINGA: INSTALA\u00c7\u00c3O DE GRUPO GERADOR NORMALIZA ABASTECIMENTO DE \u00c1GUA PELO SAAE"},"content":{"rendered":"<p><a href=\"https:\/\/www.sudoestehoje.com.br\/novoportal\/wp-content\/uploads\/2021\/02\/GERADOR-1.jpeg\"><img loading=\"lazy\" decoding=\"async\" class=\"aligncenter size-medium wp-image-93104\" src=\"https:\/\/www.sudoestehoje.com.br\/novoportal\/wp-content\/uploads\/2021\/02\/GERADOR-1-500x281.jpeg\" alt=\"\" width=\"500\" height=\"281\" srcset=\"https:\/\/www.sudoestehoje.com.br\/novoportal\/wp-content\/uploads\/2021\/02\/GERADOR-1-500x281.jpeg 500w, https:\/\/www.sudoestehoje.com.br\/novoportal\/wp-content\/uploads\/2021\/02\/GERADOR-1-700x394.jpeg 700w, https:\/\/www.sudoestehoje.com.br\/novoportal\/wp-content\/uploads\/2021\/02\/GERADOR-1-768x432.jpeg 768w, https:\/\/www.sudoestehoje.com.br\/novoportal\/wp-content\/uploads\/2021\/02\/GERADOR-1.jpeg 1280w\" sizes=\"auto, (max-width: 500px) 100vw, 500px\" \/><\/a><\/p>\n<p>Uma pane no transformador de energia que move as bombas na capta\u00e7\u00e3o de \u00e1gua para abastecimento da popula\u00e7\u00e3o, no Rio Catol\u00e9, deixou a Itapetinga sem o l\u00edquido precioso durante todo o s\u00e1bado (13).<\/p>\n<p>Imediatamente, a dire\u00e7\u00e3o do SAAE, atrav\u00e9s do engenheiro Airton Ferraz, providenciou a instala\u00e7\u00e3o de um grupo gerador com a pot\u00eancia necess\u00e1ria para mover as bombas, e a capta\u00e7\u00e3o de \u00e1gua do rio foi restabelecida, neste domingo.<\/p>\n<p><a href=\"https:\/\/www.sudoestehoje.com.br\/novoportal\/wp-content\/uploads\/2021\/02\/GERADOR-2.jpeg\"><img loading=\"lazy\" decoding=\"async\" class=\"aligncenter size-medium wp-image-93105\" src=\"https:\/\/www.sudoestehoje.com.br\/novoportal\/wp-content\/uploads\/2021\/02\/GERADOR-2-500x375.jpeg\" alt=\"\" width=\"500\" height=\"375\" srcset=\"https:\/\/www.sudoestehoje.com.br\/novoportal\/wp-content\/uploads\/2021\/02\/GERADOR-2-500x375.jpeg 500w, https:\/\/www.sudoestehoje.com.br\/novoportal\/wp-content\/uploads\/2021\/02\/GERADOR-2-700x525.jpeg 700w, https:\/\/www.sudoestehoje.com.br\/novoportal\/wp-content\/uploads\/2021\/02\/GERADOR-2-768x576.jpeg 768w, https:\/\/www.sudoestehoje.com.br\/novoportal\/wp-content\/uploads\/2021\/02\/GERADOR-2.jpeg 1000w\" sizes=\"auto, (max-width: 500px) 100vw, 500px\" \/><\/a><\/p>\n<p>De acordo com a Ascom do SAAE, o fornecimento de \u00e1gua j\u00e1 est\u00e1 sendo normalizado em toda a cidade.<\/p>\n<p><strong><em>Da Reda\u00e7\u00e3o<\/em><\/strong><\/p>\n","protected":false},"excerpt":{"rendered":"<p>Uma pane no transformador de energia que move as bombas na capta\u00e7\u00e3o de \u00e1gua para abastecimento da popula\u00e7\u00e3o, no Rio Catol\u00e9, deixou a Itapetinga sem o l\u00edquido precioso durante todo o s\u00e1bado (13). Imediatamente, a dire\u00e7\u00e3o do SAAE, atrav\u00e9s do engenheiro Airton Ferraz, providenciou a instala\u00e7\u00e3o de um grupo gerador com a pot\u00eancia necess\u00e1ria para [&hellip;]<\/p>\n","protected":false},"author":2,"featured_media":93104,"comment_status":"open","ping_status":"open","sticky":false,"template":"","format":"standard","meta":{"footnotes":"","_links_to":"","_links_to_target":""},"categories":[1],"tags":[],"class_list":["post-93101","post","type-post","status-publish","format-standard","has-post-thumbnail","hentry","category-geral"],"views":1177,"_links":{"self":[{"href":"https:\/\/www.sudoestehoje.com.br\/novoportal\/wp-json\/wp\/v2\/posts\/93101","targetHints":{"allow":["GET"]}}],"collection":[{"href":"https:\/\/www.sudoestehoje.com.br\/novoportal\/wp-json\/wp\/v2\/posts"}],"about":[{"href":"https:\/\/www.sudoestehoje.com.br\/novoportal\/wp-json\/wp\/v2\/types\/post"}],"author":[{"embeddable":true,"href":"https:\/\/www.sudoestehoje.com.br\/novoportal\/wp-json\/wp\/v2\/users\/2"}],"replies":[{"embeddable":true,"href":"https:\/\/www.sudoestehoje.com.br\/novoportal\/wp-json\/wp\/v2\/comments?post=93101"}],"version-history":[{"count":3,"href":"https:\/\/www.sudoestehoje.com.br\/novoportal\/wp-json\/wp\/v2\/posts\/93101\/revisions"}],"predecessor-version":[{"id":93106,"href":"https:\/\/www.sudoestehoje.com.br\/novoportal\/wp-json\/wp\/v2\/posts\/93101\/revisions\/93106"}],"wp:featuredmedia":[{"embeddable":true,"href":"https:\/\/www.sudoestehoje.com.br\/novoportal\/wp-json\/wp\/v2\/media\/93104"}],"wp:attachment":[{"href":"https:\/\/www.sudoestehoje.com.br\/novoportal\/wp-json\/wp\/v2\/media?parent=93101"}],"wp:term":[{"taxonomy":"category","embeddable":true,"href":"https:\/\/www.sudoestehoje.com.br\/novoportal\/wp-json\/wp\/v2\/categories?post=93101"},{"taxonomy":"post_tag","embeddable":true,"href":"https:\/\/www.sudoestehoje.com.br\/novoportal\/wp-json\/wp\/v2\/tags?post=93101"}],"curies":[{"name":"wp","href":"https:\/\/api.w.org\/{rel}","templated":true}]}}