
{"id":93090,"date":"2021-02-13T18:16:53","date_gmt":"2021-02-13T21:16:53","guid":{"rendered":"https:\/\/www.sudoestehoje.com.br\/novoportal\/?p=93090"},"modified":"2021-02-13T18:16:53","modified_gmt":"2021-02-13T21:16:53","slug":"itapetinga-entrevista-do-senador-otto-alencar-e-alfredo-cabral-na-boca-do-povo-deste-sabado-teve-grande-repercussao","status":"publish","type":"post","link":"https:\/\/www.sudoestehoje.com.br\/novoportal\/2021\/02\/13\/itapetinga-entrevista-do-senador-otto-alencar-e-alfredo-cabral-na-boca-do-povo-deste-sabado-teve-grande-repercussao\/","title":{"rendered":"ITAPETINGA: ENTREVISTA DO SENADOR OTTO ALENCAR E ALFREDO CABRAL NA &#8216;BOCA DO POVO&#8217; DESTE S\u00c1BADO TEVE GRANDE REPERCUSS\u00c3O"},"content":{"rendered":"<p><a href=\"https:\/\/www.sudoestehoje.com.br\/novoportal\/wp-content\/uploads\/2021\/02\/ALF.jpeg\"><img loading=\"lazy\" decoding=\"async\" class=\"aligncenter size-medium wp-image-93092\" src=\"https:\/\/www.sudoestehoje.com.br\/novoportal\/wp-content\/uploads\/2021\/02\/ALF-500x313.jpeg\" alt=\"\" width=\"500\" height=\"313\" srcset=\"https:\/\/www.sudoestehoje.com.br\/novoportal\/wp-content\/uploads\/2021\/02\/ALF-500x313.jpeg 500w, https:\/\/www.sudoestehoje.com.br\/novoportal\/wp-content\/uploads\/2021\/02\/ALF.jpeg 682w\" sizes=\"auto, (max-width: 500px) 100vw, 500px\" \/><\/a><\/p>\n<p>Na manh\u00e3 deste s\u00e1bado (13), foram entrevistados no programa &#8220;Na Boca de Povo&#8221;, apresentado por Jos\u00e9 Elias e Bonny Cordeiro, na R\u00e1dio Fascina\u00e7\u00e3o, o senador Otto Alencar (PSD) e o ex-vereador Alfredo Cabral de Assis, presidente da legenda do senador em Itapetinga.<\/p>\n<p>Na entrevista, o senador abordou sobre a autonomia do Banco Central, aprovada nesta sexta-feira (12) pelo Congresso Nacional. O Senador falou da import\u00e2ncia dessa autonomia, dizendo que nos pa\u00edses desenvolvidos isso j\u00e1 acontece.<\/p>\n<p>Perguntado sobre a possibilidade de vir a ser candidato ao governo da Bahia, e senador foi cauteloso e informou que s\u00f3 a partir de mar\u00e7o de 2022 ir\u00e1 se posicionar sobre a quest\u00e3o.<\/p>\n<p>Em rela\u00e7\u00e3o ao lan\u00e7amento de Jaques Wagner pelo PT da Bahia, para disputar o governo, Otto preferiu manter a cautela, afirmando que somente no pr\u00f3ximo ano o PSD ir\u00e1 discutir se lan\u00e7ar\u00e1 ou n\u00e3o candidatura pr\u00f3pria.<\/p>\n<p>Alfredo Cabral participou do programa e informou que a aceita\u00e7\u00e3o do Dr. Otto \u00e9 muito grande em Itapetinga, como em toda a Bahia, onde o seu partido \u00e9 detentor da maioria dos prefeitos, vereadores e lideran\u00e7as pol\u00edticas.<\/p>\n<p>Alfredo destacou tamb\u00e9m da capacidade pol\u00edtica do Senador e seu jeito \u00e9tico e exemplar de fazer pol\u00edtica, al\u00e9m da forte lideran\u00e7a que exerce do cen\u00e1rio pol\u00edtico baiano.<\/p>\n<p><strong><em>Reda\u00e7\u00e3o<\/em><\/strong><\/p>\n","protected":false},"excerpt":{"rendered":"<p>Na manh\u00e3 deste s\u00e1bado (13), foram entrevistados no programa &#8220;Na Boca de Povo&#8221;, apresentado por Jos\u00e9 Elias e Bonny Cordeiro, na R\u00e1dio Fascina\u00e7\u00e3o, o senador Otto Alencar (PSD) e o ex-vereador Alfredo Cabral de Assis, presidente da legenda do senador em Itapetinga. Na entrevista, o senador abordou sobre a autonomia do Banco Central, aprovada nesta [&hellip;]<\/p>\n","protected":false},"author":2,"featured_media":93092,"comment_status":"open","ping_status":"open","sticky":false,"template":"","format":"standard","meta":{"footnotes":"","_links_to":"","_links_to_target":""},"categories":[1],"tags":[],"class_list":["post-93090","post","type-post","status-publish","format-standard","has-post-thumbnail","hentry","category-geral"],"views":901,"_links":{"self":[{"href":"https:\/\/www.sudoestehoje.com.br\/novoportal\/wp-json\/wp\/v2\/posts\/93090","targetHints":{"allow":["GET"]}}],"collection":[{"href":"https:\/\/www.sudoestehoje.com.br\/novoportal\/wp-json\/wp\/v2\/posts"}],"about":[{"href":"https:\/\/www.sudoestehoje.com.br\/novoportal\/wp-json\/wp\/v2\/types\/post"}],"author":[{"embeddable":true,"href":"https:\/\/www.sudoestehoje.com.br\/novoportal\/wp-json\/wp\/v2\/users\/2"}],"replies":[{"embeddable":true,"href":"https:\/\/www.sudoestehoje.com.br\/novoportal\/wp-json\/wp\/v2\/comments?post=93090"}],"version-history":[{"count":4,"href":"https:\/\/www.sudoestehoje.com.br\/novoportal\/wp-json\/wp\/v2\/posts\/93090\/revisions"}],"predecessor-version":[{"id":93095,"href":"https:\/\/www.sudoestehoje.com.br\/novoportal\/wp-json\/wp\/v2\/posts\/93090\/revisions\/93095"}],"wp:featuredmedia":[{"embeddable":true,"href":"https:\/\/www.sudoestehoje.com.br\/novoportal\/wp-json\/wp\/v2\/media\/93092"}],"wp:attachment":[{"href":"https:\/\/www.sudoestehoje.com.br\/novoportal\/wp-json\/wp\/v2\/media?parent=93090"}],"wp:term":[{"taxonomy":"category","embeddable":true,"href":"https:\/\/www.sudoestehoje.com.br\/novoportal\/wp-json\/wp\/v2\/categories?post=93090"},{"taxonomy":"post_tag","embeddable":true,"href":"https:\/\/www.sudoestehoje.com.br\/novoportal\/wp-json\/wp\/v2\/tags?post=93090"}],"curies":[{"name":"wp","href":"https:\/\/api.w.org\/{rel}","templated":true}]}}