
{"id":93081,"date":"2021-02-13T17:34:02","date_gmt":"2021-02-13T20:34:02","guid":{"rendered":"https:\/\/www.sudoestehoje.com.br\/novoportal\/?p=93081"},"modified":"2021-02-13T18:19:30","modified_gmt":"2021-02-13T21:19:30","slug":"urgente-queima-de-transformador-na-captacao-do-saae-interrompe-fornecimento-de-agua-em-itapetinga","status":"publish","type":"post","link":"https:\/\/www.sudoestehoje.com.br\/novoportal\/2021\/02\/13\/urgente-queima-de-transformador-na-captacao-do-saae-interrompe-fornecimento-de-agua-em-itapetinga\/","title":{"rendered":"URGENTE! QUEIMA DE TRANSFORMADOR NA CAPTA\u00c7\u00c3O DO SAAE INTERROMPE FORNECIMENTO DE \u00c1GUA EM ITAPETINGA"},"content":{"rendered":"<p><a href=\"https:\/\/www.sudoestehoje.com.br\/novoportal\/wp-content\/uploads\/2021\/02\/SAAE-5.jpeg\"><img loading=\"lazy\" decoding=\"async\" class=\"aligncenter size-medium wp-image-93088\" src=\"https:\/\/www.sudoestehoje.com.br\/novoportal\/wp-content\/uploads\/2021\/02\/SAAE-5-500x281.jpeg\" alt=\"\" width=\"500\" height=\"281\" srcset=\"https:\/\/www.sudoestehoje.com.br\/novoportal\/wp-content\/uploads\/2021\/02\/SAAE-5-500x281.jpeg 500w, https:\/\/www.sudoestehoje.com.br\/novoportal\/wp-content\/uploads\/2021\/02\/SAAE-5-700x394.jpeg 700w, https:\/\/www.sudoestehoje.com.br\/novoportal\/wp-content\/uploads\/2021\/02\/SAAE-5-768x432.jpeg 768w, https:\/\/www.sudoestehoje.com.br\/novoportal\/wp-content\/uploads\/2021\/02\/SAAE-5.jpeg 1024w\" sizes=\"auto, (max-width: 500px) 100vw, 500px\" \/><\/a><\/p>\n<p>O SAAE informa aos seus usu\u00e1rios que o que inicialmente se pensou ser apenas a queda de duas \u201ccanelas\u201d na rede el\u00e9trica, constatou-se posteriormente ser a queima de um transformador de energia de grande pot\u00eancia (500KVAs), interrompendo a capta\u00e7\u00e3o de \u00e1gua do Rio Catol\u00e9 e consequente desabastecimento da Esta\u00e7\u00e3o de Tratamento.<\/p>\n<p>Por se tratar de um transformador muito potente e de dif\u00edcil substitui\u00e7\u00e3o, o SAAE j\u00e1 providenciou a loca\u00e7\u00e3o de um GRUPO GERADOR, que est\u00e1 vindo de Vit\u00f3ria da Conquista para que a capta\u00e7\u00e3o de \u00e1gua seja reativada enquanto se substitui o transformador de energia.<\/p>\n<p><a href=\"https:\/\/www.sudoestehoje.com.br\/novoportal\/wp-content\/uploads\/2021\/02\/SAAE-6.jpeg\"><img loading=\"lazy\" decoding=\"async\" class=\"aligncenter size-medium wp-image-93096\" src=\"https:\/\/www.sudoestehoje.com.br\/novoportal\/wp-content\/uploads\/2021\/02\/SAAE-6-500x667.jpeg\" alt=\"\" width=\"500\" height=\"667\" srcset=\"https:\/\/www.sudoestehoje.com.br\/novoportal\/wp-content\/uploads\/2021\/02\/SAAE-6-500x667.jpeg 500w, https:\/\/www.sudoestehoje.com.br\/novoportal\/wp-content\/uploads\/2021\/02\/SAAE-6-675x900.jpeg 675w, https:\/\/www.sudoestehoje.com.br\/novoportal\/wp-content\/uploads\/2021\/02\/SAAE-6.jpeg 750w\" sizes=\"auto, (max-width: 500px) 100vw, 500px\" \/><\/a><\/p>\n<p>Pedimos aos nossos usu\u00e1rios que economizem a \u00e1gua do seu reservat\u00f3rio residencial para que n\u00e3o haja maiores transtornos pela falta da \u00e1gua, durante o per\u00edodo.<\/p>\n<p>Manteremos a popula\u00e7\u00e3o informada sobre o andamento dos fatos.<\/p>\n<p>Contamos mais uma vez com a compreens\u00e3o de todos.<\/p>\n","protected":false},"excerpt":{"rendered":"<p>O SAAE informa aos seus usu\u00e1rios que o que inicialmente se pensou ser apenas a queda de duas \u201ccanelas\u201d na rede el\u00e9trica, constatou-se posteriormente ser a queima de um transformador de energia de grande pot\u00eancia (500KVAs), interrompendo a capta\u00e7\u00e3o de \u00e1gua do Rio Catol\u00e9 e consequente desabastecimento da Esta\u00e7\u00e3o de Tratamento. Por se tratar de [&hellip;]<\/p>\n","protected":false},"author":2,"featured_media":93088,"comment_status":"open","ping_status":"open","sticky":false,"template":"","format":"standard","meta":{"footnotes":"","_links_to":"","_links_to_target":""},"categories":[1],"tags":[],"class_list":["post-93081","post","type-post","status-publish","format-standard","has-post-thumbnail","hentry","category-geral"],"views":975,"_links":{"self":[{"href":"https:\/\/www.sudoestehoje.com.br\/novoportal\/wp-json\/wp\/v2\/posts\/93081","targetHints":{"allow":["GET"]}}],"collection":[{"href":"https:\/\/www.sudoestehoje.com.br\/novoportal\/wp-json\/wp\/v2\/posts"}],"about":[{"href":"https:\/\/www.sudoestehoje.com.br\/novoportal\/wp-json\/wp\/v2\/types\/post"}],"author":[{"embeddable":true,"href":"https:\/\/www.sudoestehoje.com.br\/novoportal\/wp-json\/wp\/v2\/users\/2"}],"replies":[{"embeddable":true,"href":"https:\/\/www.sudoestehoje.com.br\/novoportal\/wp-json\/wp\/v2\/comments?post=93081"}],"version-history":[{"count":8,"href":"https:\/\/www.sudoestehoje.com.br\/novoportal\/wp-json\/wp\/v2\/posts\/93081\/revisions"}],"predecessor-version":[{"id":93097,"href":"https:\/\/www.sudoestehoje.com.br\/novoportal\/wp-json\/wp\/v2\/posts\/93081\/revisions\/93097"}],"wp:featuredmedia":[{"embeddable":true,"href":"https:\/\/www.sudoestehoje.com.br\/novoportal\/wp-json\/wp\/v2\/media\/93088"}],"wp:attachment":[{"href":"https:\/\/www.sudoestehoje.com.br\/novoportal\/wp-json\/wp\/v2\/media?parent=93081"}],"wp:term":[{"taxonomy":"category","embeddable":true,"href":"https:\/\/www.sudoestehoje.com.br\/novoportal\/wp-json\/wp\/v2\/categories?post=93081"},{"taxonomy":"post_tag","embeddable":true,"href":"https:\/\/www.sudoestehoje.com.br\/novoportal\/wp-json\/wp\/v2\/tags?post=93081"}],"curies":[{"name":"wp","href":"https:\/\/api.w.org\/{rel}","templated":true}]}}