
{"id":93064,"date":"2021-02-12T20:44:34","date_gmt":"2021-02-12T23:44:34","guid":{"rendered":"https:\/\/www.sudoestehoje.com.br\/novoportal\/?p=93064"},"modified":"2021-02-12T20:55:46","modified_gmt":"2021-02-12T23:55:46","slug":"deputado-federal-baiano-joao-roma-e-nomeado-ministro-da-cidadania","status":"publish","type":"post","link":"https:\/\/www.sudoestehoje.com.br\/novoportal\/2021\/02\/12\/deputado-federal-baiano-joao-roma-e-nomeado-ministro-da-cidadania\/","title":{"rendered":"DEPUTADO FEDERAL BAIANO JO\u00c3O ROMA \u00c9 NOMEADO MINISTRO DA CIDADANIA"},"content":{"rendered":"<p><a href=\"https:\/\/www.sudoestehoje.com.br\/novoportal\/wp-content\/uploads\/2021\/02\/JOAO-ROMA.jpg\"><img loading=\"lazy\" decoding=\"async\" class=\"aligncenter size-medium wp-image-93066\" src=\"https:\/\/www.sudoestehoje.com.br\/novoportal\/wp-content\/uploads\/2021\/02\/JOAO-ROMA-500x333.jpg\" alt=\"\" width=\"500\" height=\"333\" srcset=\"https:\/\/www.sudoestehoje.com.br\/novoportal\/wp-content\/uploads\/2021\/02\/JOAO-ROMA-500x333.jpg 500w, https:\/\/www.sudoestehoje.com.br\/novoportal\/wp-content\/uploads\/2021\/02\/JOAO-ROMA-700x467.jpg 700w, https:\/\/www.sudoestehoje.com.br\/novoportal\/wp-content\/uploads\/2021\/02\/JOAO-ROMA.jpg 768w\" sizes=\"auto, (max-width: 500px) 100vw, 500px\" \/><\/a><\/p>\n<p>O deputado federal Jo\u00e3o Roma (Republicanos-BA) ser\u00e1 o novo\u00a0ministro da Cidadania, sucedendo\u00a0Onyx Lorenzoni. A nomea\u00e7\u00e3o foi publicada no\u00a0<em>Di\u00e1rio Oficial da Uni\u00e3o,\u00a0<\/em>que tamb\u00e9m trouxe o deslocamento de Lorenzoni para a Secretaria-Geral da Presid\u00eancia.<\/p>\n<p>Roma \u00e9 filiado ao Republicanos desde 2016. Antes, foi do PFL (atual DEM), entre 1993 e 2016. O deputado ser\u00e1 o terceiro ministro da Cidadania do governo Jair Bolsonaro.\u00a0Antes de Onyx Lorenzoni, a pasta foi dirigida por Osmar Terra.<\/p>\n<p>O Minist\u00e9rio da Cidadania \u00e9 respons\u00e1vel pelos programas sociais do governo, como o Bolsa Fam\u00edlia e Aux\u00edlio Emergencial.<\/p>\n","protected":false},"excerpt":{"rendered":"<p>O deputado federal Jo\u00e3o Roma (Republicanos-BA) ser\u00e1 o novo\u00a0ministro da Cidadania, sucedendo\u00a0Onyx Lorenzoni. A nomea\u00e7\u00e3o foi publicada no\u00a0Di\u00e1rio Oficial da Uni\u00e3o,\u00a0que tamb\u00e9m trouxe o deslocamento de Lorenzoni para a Secretaria-Geral da Presid\u00eancia. Roma \u00e9 filiado ao Republicanos desde 2016. Antes, foi do PFL (atual DEM), entre 1993 e 2016. O deputado ser\u00e1 o terceiro ministro [&hellip;]<\/p>\n","protected":false},"author":2,"featured_media":93066,"comment_status":"open","ping_status":"open","sticky":false,"template":"","format":"standard","meta":{"footnotes":"","_links_to":"","_links_to_target":""},"categories":[1],"tags":[],"class_list":["post-93064","post","type-post","status-publish","format-standard","has-post-thumbnail","hentry","category-geral"],"views":769,"_links":{"self":[{"href":"https:\/\/www.sudoestehoje.com.br\/novoportal\/wp-json\/wp\/v2\/posts\/93064","targetHints":{"allow":["GET"]}}],"collection":[{"href":"https:\/\/www.sudoestehoje.com.br\/novoportal\/wp-json\/wp\/v2\/posts"}],"about":[{"href":"https:\/\/www.sudoestehoje.com.br\/novoportal\/wp-json\/wp\/v2\/types\/post"}],"author":[{"embeddable":true,"href":"https:\/\/www.sudoestehoje.com.br\/novoportal\/wp-json\/wp\/v2\/users\/2"}],"replies":[{"embeddable":true,"href":"https:\/\/www.sudoestehoje.com.br\/novoportal\/wp-json\/wp\/v2\/comments?post=93064"}],"version-history":[{"count":3,"href":"https:\/\/www.sudoestehoje.com.br\/novoportal\/wp-json\/wp\/v2\/posts\/93064\/revisions"}],"predecessor-version":[{"id":93068,"href":"https:\/\/www.sudoestehoje.com.br\/novoportal\/wp-json\/wp\/v2\/posts\/93064\/revisions\/93068"}],"wp:featuredmedia":[{"embeddable":true,"href":"https:\/\/www.sudoestehoje.com.br\/novoportal\/wp-json\/wp\/v2\/media\/93066"}],"wp:attachment":[{"href":"https:\/\/www.sudoestehoje.com.br\/novoportal\/wp-json\/wp\/v2\/media?parent=93064"}],"wp:term":[{"taxonomy":"category","embeddable":true,"href":"https:\/\/www.sudoestehoje.com.br\/novoportal\/wp-json\/wp\/v2\/categories?post=93064"},{"taxonomy":"post_tag","embeddable":true,"href":"https:\/\/www.sudoestehoje.com.br\/novoportal\/wp-json\/wp\/v2\/tags?post=93064"}],"curies":[{"name":"wp","href":"https:\/\/api.w.org\/{rel}","templated":true}]}}