
{"id":93060,"date":"2021-02-12T20:28:16","date_gmt":"2021-02-12T23:28:16","guid":{"rendered":"https:\/\/www.sudoestehoje.com.br\/novoportal\/?p=93060"},"modified":"2021-02-12T20:28:16","modified_gmt":"2021-02-12T23:28:16","slug":"educacao-retorno-as-aulas-em-salvador-e-adiado-para-o-dia-22-de-fevereiro","status":"publish","type":"post","link":"https:\/\/www.sudoestehoje.com.br\/novoportal\/2021\/02\/12\/educacao-retorno-as-aulas-em-salvador-e-adiado-para-o-dia-22-de-fevereiro\/","title":{"rendered":"EDUCA\u00c7\u00c3O: RETORNO \u00c0S AULAS EM SALVADOR \u00c9 ADIADO PARA O DIA 22 DE FEVEREIRO"},"content":{"rendered":"<p><a href=\"https:\/\/www.sudoestehoje.com.br\/novoportal\/wp-content\/uploads\/2021\/02\/AULAS-SALVADOR.jpeg\"><img loading=\"lazy\" decoding=\"async\" class=\"aligncenter size-medium wp-image-93061\" src=\"https:\/\/www.sudoestehoje.com.br\/novoportal\/wp-content\/uploads\/2021\/02\/AULAS-SALVADOR-500x334.jpeg\" alt=\"\" width=\"500\" height=\"334\" srcset=\"https:\/\/www.sudoestehoje.com.br\/novoportal\/wp-content\/uploads\/2021\/02\/AULAS-SALVADOR-500x334.jpeg 500w, https:\/\/www.sudoestehoje.com.br\/novoportal\/wp-content\/uploads\/2021\/02\/AULAS-SALVADOR-700x468.jpeg 700w, https:\/\/www.sudoestehoje.com.br\/novoportal\/wp-content\/uploads\/2021\/02\/AULAS-SALVADOR-768x513.jpeg 768w, https:\/\/www.sudoestehoje.com.br\/novoportal\/wp-content\/uploads\/2021\/02\/AULAS-SALVADOR.jpeg 940w\" sizes=\"auto, (max-width: 500px) 100vw, 500px\" \/><\/a><\/p>\n<p>O in\u00edcio das aulas na rede municipal de ensino em Salvador foi adiado para o dia 22 de fevereiro, anunciou nesta sexta-feira (12)\u00a0o prefeito Bruno Reis, durante a entrega de uma geomanta em Matatu de Brotas.<\/p>\n<p>A volta estava prevista para o dia 18 e a jornada pedag\u00f3gica come\u00e7aria no dia 15, ou seja, na pr\u00f3xima segunda-feira. A modalidade ainda ser\u00e1 de forma remota, pela televis\u00e3o.<\/p>\n<p>Bruno n\u00e3o explicou o motivo do adiamento, mas disse que as escolas municipais j\u00e1 est\u00e3o preparadas para o retorno.\u00a0<a href=\"https:\/\/www.correio24horas.com.br\/noticia\/nid\/com-utis-cheias-aulas-presenciais-seguem-suspensas-na-bahia\/\" target=\"_blank\" rel=\"noopener noreferrer\">Ainda n\u00e3o h\u00e1 previs\u00e3o para o retorno das aulas presenciais<\/a>.<\/p>\n","protected":false},"excerpt":{"rendered":"<p>O in\u00edcio das aulas na rede municipal de ensino em Salvador foi adiado para o dia 22 de fevereiro, anunciou nesta sexta-feira (12)\u00a0o prefeito Bruno Reis, durante a entrega de uma geomanta em Matatu de Brotas. A volta estava prevista para o dia 18 e a jornada pedag\u00f3gica come\u00e7aria no dia 15, ou seja, na [&hellip;]<\/p>\n","protected":false},"author":2,"featured_media":93061,"comment_status":"open","ping_status":"open","sticky":false,"template":"","format":"standard","meta":{"footnotes":"","_links_to":"","_links_to_target":""},"categories":[1],"tags":[],"class_list":["post-93060","post","type-post","status-publish","format-standard","has-post-thumbnail","hentry","category-geral"],"views":762,"_links":{"self":[{"href":"https:\/\/www.sudoestehoje.com.br\/novoportal\/wp-json\/wp\/v2\/posts\/93060","targetHints":{"allow":["GET"]}}],"collection":[{"href":"https:\/\/www.sudoestehoje.com.br\/novoportal\/wp-json\/wp\/v2\/posts"}],"about":[{"href":"https:\/\/www.sudoestehoje.com.br\/novoportal\/wp-json\/wp\/v2\/types\/post"}],"author":[{"embeddable":true,"href":"https:\/\/www.sudoestehoje.com.br\/novoportal\/wp-json\/wp\/v2\/users\/2"}],"replies":[{"embeddable":true,"href":"https:\/\/www.sudoestehoje.com.br\/novoportal\/wp-json\/wp\/v2\/comments?post=93060"}],"version-history":[{"count":2,"href":"https:\/\/www.sudoestehoje.com.br\/novoportal\/wp-json\/wp\/v2\/posts\/93060\/revisions"}],"predecessor-version":[{"id":93063,"href":"https:\/\/www.sudoestehoje.com.br\/novoportal\/wp-json\/wp\/v2\/posts\/93060\/revisions\/93063"}],"wp:featuredmedia":[{"embeddable":true,"href":"https:\/\/www.sudoestehoje.com.br\/novoportal\/wp-json\/wp\/v2\/media\/93061"}],"wp:attachment":[{"href":"https:\/\/www.sudoestehoje.com.br\/novoportal\/wp-json\/wp\/v2\/media?parent=93060"}],"wp:term":[{"taxonomy":"category","embeddable":true,"href":"https:\/\/www.sudoestehoje.com.br\/novoportal\/wp-json\/wp\/v2\/categories?post=93060"},{"taxonomy":"post_tag","embeddable":true,"href":"https:\/\/www.sudoestehoje.com.br\/novoportal\/wp-json\/wp\/v2\/tags?post=93060"}],"curies":[{"name":"wp","href":"https:\/\/api.w.org\/{rel}","templated":true}]}}