
{"id":93055,"date":"2021-02-12T20:11:38","date_gmt":"2021-02-12T23:11:38","guid":{"rendered":"https:\/\/www.sudoestehoje.com.br\/novoportal\/?p=93055"},"modified":"2021-02-12T20:11:38","modified_gmt":"2021-02-12T23:11:38","slug":"bolsonaro-envia-ao-congresso-projeto-que-unifica-icms-sobre-combustives-no-pais","status":"publish","type":"post","link":"https:\/\/www.sudoestehoje.com.br\/novoportal\/2021\/02\/12\/bolsonaro-envia-ao-congresso-projeto-que-unifica-icms-sobre-combustives-no-pais\/","title":{"rendered":"BOLSONARO ENVIA AO CONGRESSO PROJETO QUE UNIFICA ICMS SOBRE COMBUST\u00cdVES NO PA\u00cdS"},"content":{"rendered":"<div class=\"mc-column content-text active-extra-styles active-capital-letter\" data-block-type=\"unstyled\" data-block-weight=\"27\" data-block-id=\"1\">\n<p data-track-category=\"Link no Texto\" data-track-links=\"\"><a href=\"https:\/\/www.sudoestehoje.com.br\/novoportal\/wp-content\/uploads\/2021\/02\/ICMS-COMB.jpg\"><img loading=\"lazy\" decoding=\"async\" class=\"aligncenter size-medium wp-image-93058\" src=\"https:\/\/www.sudoestehoje.com.br\/novoportal\/wp-content\/uploads\/2021\/02\/ICMS-COMB-500x259.jpg\" alt=\"\" width=\"500\" height=\"259\" srcset=\"https:\/\/www.sudoestehoje.com.br\/novoportal\/wp-content\/uploads\/2021\/02\/ICMS-COMB-500x259.jpg 500w, https:\/\/www.sudoestehoje.com.br\/novoportal\/wp-content\/uploads\/2021\/02\/ICMS-COMB-700x362.jpg 700w, https:\/\/www.sudoestehoje.com.br\/novoportal\/wp-content\/uploads\/2021\/02\/ICMS-COMB-768x397.jpg 768w, https:\/\/www.sudoestehoje.com.br\/novoportal\/wp-content\/uploads\/2021\/02\/ICMS-COMB.jpg 870w\" sizes=\"auto, (max-width: 500px) 100vw, 500px\" \/><\/a><\/p>\n<p class=\"content-text__container theme-color-primary-first-letter\" data-track-category=\"Link no Texto\" data-track-links=\"\">O presidente\u00a0<a href=\"https:\/\/g1.globo.com\/politica\/politico\/jair-bolsonaro\/\">Jair Bolsonaro<\/a>\u00a0encaminhou ao Congresso Nacional nesta sexta-feira (12) um projeto de lei complementar que prop\u00f5e mudan\u00e7as no c\u00e1lculo do ICMS sobre os combust\u00edveis.<\/p>\n<\/div>\n<div class=\"wall protected-content\">\n<div class=\"mc-column content-text active-extra-styles \" data-block-type=\"unstyled\" data-block-weight=\"33\" data-block-id=\"2\">\n<p class=\"content-text__container \" data-track-category=\"Link no Texto\" data-track-links=\"\">Segundo o governo, a inten\u00e7\u00e3o \u00e9 estabelecer uma &#8220;al\u00edquota uniforme e espec\u00edfica&#8221; \u2013 ou seja, um percentual unificado em todo o pa\u00eds \u2013 para cada combust\u00edvel com base na unidade de medida.<\/p>\n<\/div>\n<div class=\"mc-column content-text active-extra-styles \" data-block-type=\"unstyled\" data-block-weight=\"6\" data-block-id=\"3\">\n<p class=\"content-text__container \" data-track-category=\"Link no Texto\" data-track-links=\"\"><strong>O projeto prev\u00ea, em linhas gerais:<\/strong><\/p>\n<\/div>\n<div class=\"mc-column content-text active-extra-styles\" data-block-type=\"raw\" data-block-weight=\"119\" data-block-id=\"4\">\n<ul class=\"content-unordered-list\">\n<li>que o\u00a0<strong><span class=\"highlight highlighted\">ICMS ser\u00e1 recolhido uma \u00fanica vez<\/span><\/strong>\u00a0sobre gasolina, diesel, \u00e1lcool, querosenes e \u00f3leos combust\u00edveis, biodiesel, g\u00e1s natural e g\u00e1s de cozinha, entre outros produtos do tipo;<\/li>\n<li>que o\u00a0<strong><span class=\"highlight highlighted\">ICMS ser\u00e1 cobrado na refinaria<\/span><\/strong>\u00a0\u2013 nos termos da lei, ser\u00e3o contribuintes do ICMS &#8220;o produtor e aqueles que lhe sejam equiparados e o importador dos combust\u00edveis e lubrificantes&#8221;;<\/li>\n<li>que a al\u00edquota de ICMS para cada combust\u00edvel<strong><span class=\"highlight highlighted\">\u00a0ser\u00e1 uniforme em todo o pa\u00eds<\/span><\/strong>;<\/li>\n<li>que essa\u00a0<strong><span class=\"highlight highlighted\">al\u00edquota ser\u00e1 definida por delibera\u00e7\u00e3o<\/span><\/strong>\u00a0dos estados e do Distrito Federal;<\/li>\n<li>que o ICMS sobre lubrificantes e combust\u00edveis de petr\u00f3leo ser\u00e1\u00a0<strong><span class=\"highlight highlighted\">recolhido na unidade da Federa\u00e7\u00e3o onde houver o consumo final<\/span><\/strong>;<\/li>\n<li>que\u00a0<strong><span class=\"highlight highlighted\">mudan\u00e7as nessas al\u00edquotas s\u00f3 ter\u00e3o validade ap\u00f3s uma &#8220;car\u00eancia&#8221; de 90 dias<\/span><\/strong>.<\/li>\n<\/ul>\n<\/div>\n<div class=\"mc-column content-text active-extra-styles \" data-block-type=\"unstyled\" data-block-weight=\"31\" data-block-id=\"5\">\n<p class=\"content-text__container \" data-track-category=\"Link no Texto\" data-track-links=\"\">O objetivo, de acordo com o Pal\u00e1cio do Planalto, \u00e9 fazer com que o ICMS n\u00e3o varie mais em raz\u00e3o de mudan\u00e7as no pre\u00e7o do combust\u00edvel ou de varia\u00e7\u00f5es do c\u00e2mbio.<\/p>\n<\/div>\n<\/div>\n","protected":false},"excerpt":{"rendered":"<p>O presidente\u00a0Jair Bolsonaro\u00a0encaminhou ao Congresso Nacional nesta sexta-feira (12) um projeto de lei complementar que prop\u00f5e mudan\u00e7as no c\u00e1lculo do ICMS sobre os combust\u00edveis. Segundo o governo, a inten\u00e7\u00e3o \u00e9 estabelecer uma &#8220;al\u00edquota uniforme e espec\u00edfica&#8221; \u2013 ou seja, um percentual unificado em todo o pa\u00eds \u2013 para cada combust\u00edvel com base na unidade de [&hellip;]<\/p>\n","protected":false},"author":2,"featured_media":93058,"comment_status":"open","ping_status":"open","sticky":false,"template":"","format":"standard","meta":{"footnotes":"","_links_to":"","_links_to_target":""},"categories":[1],"tags":[],"class_list":["post-93055","post","type-post","status-publish","format-standard","has-post-thumbnail","hentry","category-geral"],"views":1045,"_links":{"self":[{"href":"https:\/\/www.sudoestehoje.com.br\/novoportal\/wp-json\/wp\/v2\/posts\/93055","targetHints":{"allow":["GET"]}}],"collection":[{"href":"https:\/\/www.sudoestehoje.com.br\/novoportal\/wp-json\/wp\/v2\/posts"}],"about":[{"href":"https:\/\/www.sudoestehoje.com.br\/novoportal\/wp-json\/wp\/v2\/types\/post"}],"author":[{"embeddable":true,"href":"https:\/\/www.sudoestehoje.com.br\/novoportal\/wp-json\/wp\/v2\/users\/2"}],"replies":[{"embeddable":true,"href":"https:\/\/www.sudoestehoje.com.br\/novoportal\/wp-json\/wp\/v2\/comments?post=93055"}],"version-history":[{"count":2,"href":"https:\/\/www.sudoestehoje.com.br\/novoportal\/wp-json\/wp\/v2\/posts\/93055\/revisions"}],"predecessor-version":[{"id":93059,"href":"https:\/\/www.sudoestehoje.com.br\/novoportal\/wp-json\/wp\/v2\/posts\/93055\/revisions\/93059"}],"wp:featuredmedia":[{"embeddable":true,"href":"https:\/\/www.sudoestehoje.com.br\/novoportal\/wp-json\/wp\/v2\/media\/93058"}],"wp:attachment":[{"href":"https:\/\/www.sudoestehoje.com.br\/novoportal\/wp-json\/wp\/v2\/media?parent=93055"}],"wp:term":[{"taxonomy":"category","embeddable":true,"href":"https:\/\/www.sudoestehoje.com.br\/novoportal\/wp-json\/wp\/v2\/categories?post=93055"},{"taxonomy":"post_tag","embeddable":true,"href":"https:\/\/www.sudoestehoje.com.br\/novoportal\/wp-json\/wp\/v2\/tags?post=93055"}],"curies":[{"name":"wp","href":"https:\/\/api.w.org\/{rel}","templated":true}]}}