
{"id":93050,"date":"2021-02-11T19:48:47","date_gmt":"2021-02-11T22:48:47","guid":{"rendered":"https:\/\/www.sudoestehoje.com.br\/novoportal\/?p=93050"},"modified":"2021-02-11T19:48:47","modified_gmt":"2021-02-11T22:48:47","slug":"itapetinga-presidente-da-camara-leo-matos-discute-fortalecimento-da-saude-em-audiencia-com-secretario-hugo-sousa","status":"publish","type":"post","link":"https:\/\/www.sudoestehoje.com.br\/novoportal\/2021\/02\/11\/itapetinga-presidente-da-camara-leo-matos-discute-fortalecimento-da-saude-em-audiencia-com-secretario-hugo-sousa\/","title":{"rendered":"ITAPETINGA: PRESIDENTE DA C\u00c2MARA L\u00c9O MATOS DISCUTE FORTALECIMENTO DA SA\u00daDE EM AUDI\u00caNCIA COM SECRET\u00c1RIO HUGO SOUSA"},"content":{"rendered":"<p><a href=\"https:\/\/www.sudoestehoje.com.br\/novoportal\/wp-content\/uploads\/2021\/02\/leo-e-hugo.jpeg\"><img loading=\"lazy\" decoding=\"async\" class=\"aligncenter size-medium wp-image-93052\" src=\"https:\/\/www.sudoestehoje.com.br\/novoportal\/wp-content\/uploads\/2021\/02\/leo-e-hugo-500x459.jpeg\" alt=\"\" width=\"500\" height=\"459\" srcset=\"https:\/\/www.sudoestehoje.com.br\/novoportal\/wp-content\/uploads\/2021\/02\/leo-e-hugo-500x459.jpeg 500w, https:\/\/www.sudoestehoje.com.br\/novoportal\/wp-content\/uploads\/2021\/02\/leo-e-hugo-700x642.jpeg 700w, https:\/\/www.sudoestehoje.com.br\/novoportal\/wp-content\/uploads\/2021\/02\/leo-e-hugo-768x705.jpeg 768w, https:\/\/www.sudoestehoje.com.br\/novoportal\/wp-content\/uploads\/2021\/02\/leo-e-hugo.jpeg 958w\" sizes=\"auto, (max-width: 500px) 100vw, 500px\" \/><\/a><\/p>\n<p>O presidente da C\u00e2mara Municipal de Itapetinga, o vereador L\u00e9o Matos (PSD), participou, na manh\u00e3 desta quinta-feira (11), de audi\u00eancia com o secret\u00e1rio de Sa\u00fade, Hugo Sousa na sede da pasta em Itapetinga.<\/p>\n<p>Na oportunidade, o presidente L\u00e9o Matos discutiu junto ao secret\u00e1rio Hugo, o fortalecimento da Sa\u00fade no munic\u00edpio com a implanta\u00e7\u00e3o de novos projetos na \u00e1rea.<\/p>\n<p>No encontro, o titular da Sa\u00fade informou ao chefe do Poder Legislativo que o munic\u00edpio segue o cronograma de vacina\u00e7\u00e3o contra a COVID-19 de forma ordenada, seguindo os protocolos do Minist\u00e9rio da Sa\u00fade e da Secretaria Estadual de Sa\u00fade \u2013 SESAB.<\/p>\n<p>Ao final da reuni\u00e3o, L\u00e9o Matos agradeceu o secret\u00e1rio Hugo pela receptividade e afirmou que uma agenda em Bras\u00edlia e Salvador junto ao deputado federal Ant\u00f4nio Brito (PSD) ser\u00e1 programada. \u201cColoquei o nosso mandato \u00e0 disposi\u00e7\u00e3o do secret\u00e1rio Hugo. A Sa\u00fade \u00e9 o nosso bem maior e estaremos trabalhando em parceria com nosso deputado federal Ant\u00f4nio Brito e com o prefeito Rodrigo Hagge para que a gente fortale\u00e7a esse setor t\u00e3o importante para a nossa popula\u00e7\u00e3o\u201d, finalizou.<\/p>\n","protected":false},"excerpt":{"rendered":"<p>O presidente da C\u00e2mara Municipal de Itapetinga, o vereador L\u00e9o Matos (PSD), participou, na manh\u00e3 desta quinta-feira (11), de audi\u00eancia com o secret\u00e1rio de Sa\u00fade, Hugo Sousa na sede da pasta em Itapetinga. Na oportunidade, o presidente L\u00e9o Matos discutiu junto ao secret\u00e1rio Hugo, o fortalecimento da Sa\u00fade no munic\u00edpio com a implanta\u00e7\u00e3o de novos [&hellip;]<\/p>\n","protected":false},"author":2,"featured_media":93052,"comment_status":"open","ping_status":"open","sticky":false,"template":"","format":"standard","meta":{"footnotes":"","_links_to":"","_links_to_target":""},"categories":[1],"tags":[],"class_list":["post-93050","post","type-post","status-publish","format-standard","has-post-thumbnail","hentry","category-geral"],"views":983,"_links":{"self":[{"href":"https:\/\/www.sudoestehoje.com.br\/novoportal\/wp-json\/wp\/v2\/posts\/93050","targetHints":{"allow":["GET"]}}],"collection":[{"href":"https:\/\/www.sudoestehoje.com.br\/novoportal\/wp-json\/wp\/v2\/posts"}],"about":[{"href":"https:\/\/www.sudoestehoje.com.br\/novoportal\/wp-json\/wp\/v2\/types\/post"}],"author":[{"embeddable":true,"href":"https:\/\/www.sudoestehoje.com.br\/novoportal\/wp-json\/wp\/v2\/users\/2"}],"replies":[{"embeddable":true,"href":"https:\/\/www.sudoestehoje.com.br\/novoportal\/wp-json\/wp\/v2\/comments?post=93050"}],"version-history":[{"count":2,"href":"https:\/\/www.sudoestehoje.com.br\/novoportal\/wp-json\/wp\/v2\/posts\/93050\/revisions"}],"predecessor-version":[{"id":93053,"href":"https:\/\/www.sudoestehoje.com.br\/novoportal\/wp-json\/wp\/v2\/posts\/93050\/revisions\/93053"}],"wp:featuredmedia":[{"embeddable":true,"href":"https:\/\/www.sudoestehoje.com.br\/novoportal\/wp-json\/wp\/v2\/media\/93052"}],"wp:attachment":[{"href":"https:\/\/www.sudoestehoje.com.br\/novoportal\/wp-json\/wp\/v2\/media?parent=93050"}],"wp:term":[{"taxonomy":"category","embeddable":true,"href":"https:\/\/www.sudoestehoje.com.br\/novoportal\/wp-json\/wp\/v2\/categories?post=93050"},{"taxonomy":"post_tag","embeddable":true,"href":"https:\/\/www.sudoestehoje.com.br\/novoportal\/wp-json\/wp\/v2\/tags?post=93050"}],"curies":[{"name":"wp","href":"https:\/\/api.w.org\/{rel}","templated":true}]}}