
{"id":93044,"date":"2021-02-10T23:18:34","date_gmt":"2021-02-11T02:18:34","guid":{"rendered":"https:\/\/www.sudoestehoje.com.br\/novoportal\/?p=93044"},"modified":"2021-02-10T23:28:32","modified_gmt":"2021-02-11T02:28:32","slug":"itapetinga-decreto-municipal-mantem-expediente-noemal-nos-dias-de-carnaval","status":"publish","type":"post","link":"https:\/\/www.sudoestehoje.com.br\/novoportal\/2021\/02\/10\/itapetinga-decreto-municipal-mantem-expediente-noemal-nos-dias-de-carnaval\/","title":{"rendered":"ITAPETINGA: DECRETO MUNICIPAL MANT\u00c9M EXPEDIENTE NORMAL NOS DIAS DE CARNAVAL"},"content":{"rendered":"<p><a href=\"https:\/\/www.sudoestehoje.com.br\/novoportal\/wp-content\/uploads\/2021\/02\/PREF.jpg\"><img loading=\"lazy\" decoding=\"async\" class=\"aligncenter size-medium wp-image-93046\" src=\"https:\/\/www.sudoestehoje.com.br\/novoportal\/wp-content\/uploads\/2021\/02\/PREF-500x235.jpg\" alt=\"\" width=\"500\" height=\"235\" srcset=\"https:\/\/www.sudoestehoje.com.br\/novoportal\/wp-content\/uploads\/2021\/02\/PREF-500x235.jpg 500w, https:\/\/www.sudoestehoje.com.br\/novoportal\/wp-content\/uploads\/2021\/02\/PREF-700x329.jpg 700w, https:\/\/www.sudoestehoje.com.br\/novoportal\/wp-content\/uploads\/2021\/02\/PREF-768x361.jpg 768w, https:\/\/www.sudoestehoje.com.br\/novoportal\/wp-content\/uploads\/2021\/02\/PREF-1536x722.jpg 1536w, https:\/\/www.sudoestehoje.com.br\/novoportal\/wp-content\/uploads\/2021\/02\/PREF.jpg 1600w\" sizes=\"auto, (max-width: 500px) 100vw, 500px\" \/><\/a><\/p>\n<p>Atrav\u00e9s do Decreto Municipal n\u00ba 179\/2021, baixado nesta quarta-feira (10)pelo prefeito Rodrigo Hagge, ficou mantido o expediente normal no munic\u00edpio de Itapetinga, nos dias 15 e 16 de fevereiro (segunda e ter\u00e7a), em virtude da suspens\u00e3o do Carnaval em todo o estado da Bahia, pelo governador Rui Costa.<\/p>\n<p>J\u00e1 o com\u00e9rcio local, n\u00e3o funcionar\u00e1 no mesmo per\u00edodo, em virtude de acordo entre a CDL e\u00a0 o Sindicato dos Comerci\u00e1rios.<\/p>\n<p>A rede banc\u00e1ria tamb\u00e9m n\u00e3o ir\u00e1 funcionar nos dias do Carnaval, apesar da suspens\u00e3o dos festejos em todo o Brasil, em fun\u00e7\u00e3o da pandemia de Covid-19. Confira Decreto:<\/p>\n<p><a href=\"https:\/\/www.sudoestehoje.com.br\/novoportal\/wp-content\/uploads\/2021\/02\/decreto-1.jpeg\"><img loading=\"lazy\" decoding=\"async\" class=\"aligncenter size-medium wp-image-93047\" src=\"https:\/\/www.sudoestehoje.com.br\/novoportal\/wp-content\/uploads\/2021\/02\/decreto-1-500x674.jpeg\" alt=\"\" width=\"500\" height=\"674\" srcset=\"https:\/\/www.sudoestehoje.com.br\/novoportal\/wp-content\/uploads\/2021\/02\/decreto-1-500x674.jpeg 500w, https:\/\/www.sudoestehoje.com.br\/novoportal\/wp-content\/uploads\/2021\/02\/decreto-1-668x900.jpeg 668w, https:\/\/www.sudoestehoje.com.br\/novoportal\/wp-content\/uploads\/2021\/02\/decreto-1-768x1035.jpeg 768w, https:\/\/www.sudoestehoje.com.br\/novoportal\/wp-content\/uploads\/2021\/02\/decreto-1.jpeg 1080w\" sizes=\"auto, (max-width: 500px) 100vw, 500px\" \/><\/a><\/p>\n<p><em><strong>Reda\u00e7\u00e3o<\/strong><\/em><\/p>\n","protected":false},"excerpt":{"rendered":"<p>Atrav\u00e9s do Decreto Municipal n\u00ba 179\/2021, baixado nesta quarta-feira (10)pelo prefeito Rodrigo Hagge, ficou mantido o expediente normal no munic\u00edpio de Itapetinga, nos dias 15 e 16 de fevereiro (segunda e ter\u00e7a), em virtude da suspens\u00e3o do Carnaval em todo o estado da Bahia, pelo governador Rui Costa. J\u00e1 o com\u00e9rcio local, n\u00e3o funcionar\u00e1 no [&hellip;]<\/p>\n","protected":false},"author":2,"featured_media":93046,"comment_status":"open","ping_status":"open","sticky":false,"template":"","format":"standard","meta":{"footnotes":"","_links_to":"","_links_to_target":""},"categories":[1],"tags":[],"class_list":["post-93044","post","type-post","status-publish","format-standard","has-post-thumbnail","hentry","category-geral"],"views":1269,"_links":{"self":[{"href":"https:\/\/www.sudoestehoje.com.br\/novoportal\/wp-json\/wp\/v2\/posts\/93044","targetHints":{"allow":["GET"]}}],"collection":[{"href":"https:\/\/www.sudoestehoje.com.br\/novoportal\/wp-json\/wp\/v2\/posts"}],"about":[{"href":"https:\/\/www.sudoestehoje.com.br\/novoportal\/wp-json\/wp\/v2\/types\/post"}],"author":[{"embeddable":true,"href":"https:\/\/www.sudoestehoje.com.br\/novoportal\/wp-json\/wp\/v2\/users\/2"}],"replies":[{"embeddable":true,"href":"https:\/\/www.sudoestehoje.com.br\/novoportal\/wp-json\/wp\/v2\/comments?post=93044"}],"version-history":[{"count":3,"href":"https:\/\/www.sudoestehoje.com.br\/novoportal\/wp-json\/wp\/v2\/posts\/93044\/revisions"}],"predecessor-version":[{"id":93049,"href":"https:\/\/www.sudoestehoje.com.br\/novoportal\/wp-json\/wp\/v2\/posts\/93044\/revisions\/93049"}],"wp:featuredmedia":[{"embeddable":true,"href":"https:\/\/www.sudoestehoje.com.br\/novoportal\/wp-json\/wp\/v2\/media\/93046"}],"wp:attachment":[{"href":"https:\/\/www.sudoestehoje.com.br\/novoportal\/wp-json\/wp\/v2\/media?parent=93044"}],"wp:term":[{"taxonomy":"category","embeddable":true,"href":"https:\/\/www.sudoestehoje.com.br\/novoportal\/wp-json\/wp\/v2\/categories?post=93044"},{"taxonomy":"post_tag","embeddable":true,"href":"https:\/\/www.sudoestehoje.com.br\/novoportal\/wp-json\/wp\/v2\/tags?post=93044"}],"curies":[{"name":"wp","href":"https:\/\/api.w.org\/{rel}","templated":true}]}}