
{"id":93040,"date":"2021-02-10T21:59:58","date_gmt":"2021-02-11T00:59:58","guid":{"rendered":"https:\/\/www.sudoestehoje.com.br\/novoportal\/?p=93040"},"modified":"2021-02-10T21:59:58","modified_gmt":"2021-02-11T00:59:58","slug":"governo-libera-lote-extra-do-auxilio-emergencial-para-mais-de-22-mil-pessoas","status":"publish","type":"post","link":"https:\/\/www.sudoestehoje.com.br\/novoportal\/2021\/02\/10\/governo-libera-lote-extra-do-auxilio-emergencial-para-mais-de-22-mil-pessoas\/","title":{"rendered":"GOVERNO LIBERA LOTE EXTRA DO AUX\u00cdLIO EMERGENCIAL PARA MAIS DE 22 MIL PESSOAS"},"content":{"rendered":"<p><a href=\"https:\/\/www.sudoestehoje.com.br\/novoportal\/wp-content\/uploads\/2021\/02\/AUXILIO-EXTRA.jpg\"><img loading=\"lazy\" decoding=\"async\" class=\"aligncenter size-medium wp-image-93041\" src=\"https:\/\/www.sudoestehoje.com.br\/novoportal\/wp-content\/uploads\/2021\/02\/AUXILIO-EXTRA-500x300.jpg\" alt=\"\" width=\"500\" height=\"300\" srcset=\"https:\/\/www.sudoestehoje.com.br\/novoportal\/wp-content\/uploads\/2021\/02\/AUXILIO-EXTRA-500x300.jpg 500w, https:\/\/www.sudoestehoje.com.br\/novoportal\/wp-content\/uploads\/2021\/02\/AUXILIO-EXTRA-700x420.jpg 700w, https:\/\/www.sudoestehoje.com.br\/novoportal\/wp-content\/uploads\/2021\/02\/AUXILIO-EXTRA-768x461.jpg 768w, https:\/\/www.sudoestehoje.com.br\/novoportal\/wp-content\/uploads\/2021\/02\/AUXILIO-EXTRA.jpg 1086w\" sizes=\"auto, (max-width: 500px) 100vw, 500px\" \/><\/a><\/p>\n<p>O Minist\u00e9rio da Cidadania divulgou, nesta quarta-feira (10), mais um<strong>\u00a0l<\/strong>ote residual de pagamentos do aux\u00edlio emergencial\u00a0para\u00a022.233 pessoas nascidas de janeiro a dezembro.<\/p>\n<p>O\u00a0dinheiro est\u00e1 depositado\u00a0em contas poupan\u00e7as sociais digitais e\u00a0j\u00e1 pode ser retirado\u00a0em ag\u00eancias da Caixa Econ\u00f4mica Federal ou em casas lot\u00e9ricas. As transfer\u00eancias banc\u00e1rias tamb\u00e9m est\u00e3o liberadas.<\/p>\n<p>Entre os contemplados est\u00e3o\u00a012 mil pessoas que ainda aguardavam parcelas R$ 600 e tiveram seus pedidos reavaliados em janeiro de 2021, por conta de atualiza\u00e7\u00f5es de dados governamentais.<\/p>\n<p>Ap\u00f3s essa rean\u00e1lise, esse cidad\u00e3os foram, ent\u00e3o, considerados eleg\u00edveis ao benef\u00edcio. Eles v\u00e3o receber todas as parcelas devidas (da um at\u00e9 a cinco). O montante liberado, neste caso, ser\u00e1 de R$ 7,89 milh\u00f5es.<\/p>\n","protected":false},"excerpt":{"rendered":"<p>O Minist\u00e9rio da Cidadania divulgou, nesta quarta-feira (10), mais um\u00a0lote residual de pagamentos do aux\u00edlio emergencial\u00a0para\u00a022.233 pessoas nascidas de janeiro a dezembro. O\u00a0dinheiro est\u00e1 depositado\u00a0em contas poupan\u00e7as sociais digitais e\u00a0j\u00e1 pode ser retirado\u00a0em ag\u00eancias da Caixa Econ\u00f4mica Federal ou em casas lot\u00e9ricas. As transfer\u00eancias banc\u00e1rias tamb\u00e9m est\u00e3o liberadas. Entre os contemplados est\u00e3o\u00a012 mil pessoas que [&hellip;]<\/p>\n","protected":false},"author":2,"featured_media":93041,"comment_status":"open","ping_status":"open","sticky":false,"template":"","format":"standard","meta":{"footnotes":"","_links_to":"","_links_to_target":""},"categories":[1],"tags":[],"class_list":["post-93040","post","type-post","status-publish","format-standard","has-post-thumbnail","hentry","category-geral"],"views":1014,"_links":{"self":[{"href":"https:\/\/www.sudoestehoje.com.br\/novoportal\/wp-json\/wp\/v2\/posts\/93040","targetHints":{"allow":["GET"]}}],"collection":[{"href":"https:\/\/www.sudoestehoje.com.br\/novoportal\/wp-json\/wp\/v2\/posts"}],"about":[{"href":"https:\/\/www.sudoestehoje.com.br\/novoportal\/wp-json\/wp\/v2\/types\/post"}],"author":[{"embeddable":true,"href":"https:\/\/www.sudoestehoje.com.br\/novoportal\/wp-json\/wp\/v2\/users\/2"}],"replies":[{"embeddable":true,"href":"https:\/\/www.sudoestehoje.com.br\/novoportal\/wp-json\/wp\/v2\/comments?post=93040"}],"version-history":[{"count":2,"href":"https:\/\/www.sudoestehoje.com.br\/novoportal\/wp-json\/wp\/v2\/posts\/93040\/revisions"}],"predecessor-version":[{"id":93043,"href":"https:\/\/www.sudoestehoje.com.br\/novoportal\/wp-json\/wp\/v2\/posts\/93040\/revisions\/93043"}],"wp:featuredmedia":[{"embeddable":true,"href":"https:\/\/www.sudoestehoje.com.br\/novoportal\/wp-json\/wp\/v2\/media\/93041"}],"wp:attachment":[{"href":"https:\/\/www.sudoestehoje.com.br\/novoportal\/wp-json\/wp\/v2\/media?parent=93040"}],"wp:term":[{"taxonomy":"category","embeddable":true,"href":"https:\/\/www.sudoestehoje.com.br\/novoportal\/wp-json\/wp\/v2\/categories?post=93040"},{"taxonomy":"post_tag","embeddable":true,"href":"https:\/\/www.sudoestehoje.com.br\/novoportal\/wp-json\/wp\/v2\/tags?post=93040"}],"curies":[{"name":"wp","href":"https:\/\/api.w.org\/{rel}","templated":true}]}}