
{"id":93036,"date":"2021-02-10T21:34:30","date_gmt":"2021-02-11T00:34:30","guid":{"rendered":"https:\/\/www.sudoestehoje.com.br\/novoportal\/?p=93036"},"modified":"2021-02-10T21:34:30","modified_gmt":"2021-02-11T00:34:30","slug":"itapetinga-camara-de-vereadores-lamenta-morte-do-ex-governador-roberto-santos","status":"publish","type":"post","link":"https:\/\/www.sudoestehoje.com.br\/novoportal\/2021\/02\/10\/itapetinga-camara-de-vereadores-lamenta-morte-do-ex-governador-roberto-santos\/","title":{"rendered":"ITAPETINGA: C\u00c2MARA DE VEREADORES LAMENTA MORTE DO EX-GOVERNADOR ROBERTO SANTOS"},"content":{"rendered":"<p><a href=\"https:\/\/www.sudoestehoje.com.br\/novoportal\/wp-content\/uploads\/2021\/02\/csm_roberto_santos_divulgacao_alb_8d69a57bbe-1.jpg\"><img loading=\"lazy\" decoding=\"async\" class=\"aligncenter size-medium wp-image-93038\" src=\"https:\/\/www.sudoestehoje.com.br\/novoportal\/wp-content\/uploads\/2021\/02\/csm_roberto_santos_divulgacao_alb_8d69a57bbe-1-500x311.jpg\" alt=\"\" width=\"500\" height=\"311\" srcset=\"https:\/\/www.sudoestehoje.com.br\/novoportal\/wp-content\/uploads\/2021\/02\/csm_roberto_santos_divulgacao_alb_8d69a57bbe-1-500x311.jpg 500w, https:\/\/www.sudoestehoje.com.br\/novoportal\/wp-content\/uploads\/2021\/02\/csm_roberto_santos_divulgacao_alb_8d69a57bbe-1-700x436.jpg 700w, https:\/\/www.sudoestehoje.com.br\/novoportal\/wp-content\/uploads\/2021\/02\/csm_roberto_santos_divulgacao_alb_8d69a57bbe-1-768x478.jpg 768w, https:\/\/www.sudoestehoje.com.br\/novoportal\/wp-content\/uploads\/2021\/02\/csm_roberto_santos_divulgacao_alb_8d69a57bbe-1.jpg 940w\" sizes=\"auto, (max-width: 500px) 100vw, 500px\" \/><\/a><\/p>\n<p>A C\u00e2mara Municipal de Itapetinga manifesta seu mais profundo pesar pelo falecimento do ex-governador da Bahia Roberto Figueira Santos, ocorrido na ter\u00e7a-feira (9), aos 94 anos.<\/p>\n<p>Roberto Santos governou a Bahia entre 1975 e 1979. Tamb\u00e9m foi deputado federal (1995-1999) e ministro da Sa\u00fade durante o governo presidencial de Jos\u00e9 Sarney, entre 1986 e 1987.<\/p>\n<p>Foi professor e reitor da Universidade Federal da Bahia (UFBA), institui\u00e7\u00e3o pela qual se formou em medicina em 1949. Fundou a Academia Baiana de Ci\u00eancias e tamb\u00e9m era\u00a0membro da Academia Baiana de Letras e da Academia Nacional de Medicina.<\/p>\n<p>Neste momento de dor, o presidente da C\u00e2mara Municipal de Itapetinga, Leonardo Matos, e demais vereadores lamentam a perda irrepar\u00e1vel e manifestam solidariedade aos familiares e amigos do ex-governador Roberto Santos, que prestou relevantes servi\u00e7os ao povo baiano.<\/p>\n","protected":false},"excerpt":{"rendered":"<p>A C\u00e2mara Municipal de Itapetinga manifesta seu mais profundo pesar pelo falecimento do ex-governador da Bahia Roberto Figueira Santos, ocorrido na ter\u00e7a-feira (9), aos 94 anos. Roberto Santos governou a Bahia entre 1975 e 1979. Tamb\u00e9m foi deputado federal (1995-1999) e ministro da Sa\u00fade durante o governo presidencial de Jos\u00e9 Sarney, entre 1986 e 1987. [&hellip;]<\/p>\n","protected":false},"author":2,"featured_media":93038,"comment_status":"open","ping_status":"open","sticky":false,"template":"","format":"standard","meta":{"footnotes":"","_links_to":"","_links_to_target":""},"categories":[1],"tags":[],"class_list":["post-93036","post","type-post","status-publish","format-standard","has-post-thumbnail","hentry","category-geral"],"views":733,"_links":{"self":[{"href":"https:\/\/www.sudoestehoje.com.br\/novoportal\/wp-json\/wp\/v2\/posts\/93036","targetHints":{"allow":["GET"]}}],"collection":[{"href":"https:\/\/www.sudoestehoje.com.br\/novoportal\/wp-json\/wp\/v2\/posts"}],"about":[{"href":"https:\/\/www.sudoestehoje.com.br\/novoportal\/wp-json\/wp\/v2\/types\/post"}],"author":[{"embeddable":true,"href":"https:\/\/www.sudoestehoje.com.br\/novoportal\/wp-json\/wp\/v2\/users\/2"}],"replies":[{"embeddable":true,"href":"https:\/\/www.sudoestehoje.com.br\/novoportal\/wp-json\/wp\/v2\/comments?post=93036"}],"version-history":[{"count":2,"href":"https:\/\/www.sudoestehoje.com.br\/novoportal\/wp-json\/wp\/v2\/posts\/93036\/revisions"}],"predecessor-version":[{"id":93039,"href":"https:\/\/www.sudoestehoje.com.br\/novoportal\/wp-json\/wp\/v2\/posts\/93036\/revisions\/93039"}],"wp:featuredmedia":[{"embeddable":true,"href":"https:\/\/www.sudoestehoje.com.br\/novoportal\/wp-json\/wp\/v2\/media\/93038"}],"wp:attachment":[{"href":"https:\/\/www.sudoestehoje.com.br\/novoportal\/wp-json\/wp\/v2\/media?parent=93036"}],"wp:term":[{"taxonomy":"category","embeddable":true,"href":"https:\/\/www.sudoestehoje.com.br\/novoportal\/wp-json\/wp\/v2\/categories?post=93036"},{"taxonomy":"post_tag","embeddable":true,"href":"https:\/\/www.sudoestehoje.com.br\/novoportal\/wp-json\/wp\/v2\/tags?post=93036"}],"curies":[{"name":"wp","href":"https:\/\/api.w.org\/{rel}","templated":true}]}}