
{"id":93023,"date":"2021-02-10T20:24:45","date_gmt":"2021-02-10T23:24:45","guid":{"rendered":"https:\/\/www.sudoestehoje.com.br\/novoportal\/?p=93023"},"modified":"2021-02-10T20:24:45","modified_gmt":"2021-02-10T23:24:45","slug":"2a-dose-da-vacina-coronavac-comeca-a-ser-aplicada-na-bahia-a-partir-de-segunda","status":"publish","type":"post","link":"https:\/\/www.sudoestehoje.com.br\/novoportal\/2021\/02\/10\/2a-dose-da-vacina-coronavac-comeca-a-ser-aplicada-na-bahia-a-partir-de-segunda\/","title":{"rendered":"2\u00aa DOSE DA VACINA CORONAVAC COME\u00c7A A SER APLICADA NA BAHIA A PARTIR DE SEGUNDA"},"content":{"rendered":"<p><a href=\"https:\/\/www.sudoestehoje.com.br\/novoportal\/wp-content\/uploads\/2021\/02\/VACINA-2.jpg\"><img loading=\"lazy\" decoding=\"async\" class=\"aligncenter size-medium wp-image-93026\" src=\"https:\/\/www.sudoestehoje.com.br\/novoportal\/wp-content\/uploads\/2021\/02\/VACINA-2-500x331.jpg\" alt=\"\" width=\"500\" height=\"331\" srcset=\"https:\/\/www.sudoestehoje.com.br\/novoportal\/wp-content\/uploads\/2021\/02\/VACINA-2-500x331.jpg 500w, https:\/\/www.sudoestehoje.com.br\/novoportal\/wp-content\/uploads\/2021\/02\/VACINA-2.jpg 512w\" sizes=\"auto, (max-width: 500px) 100vw, 500px\" \/><\/a><\/p>\n<p>A segunda dose da CoronaVac, vacina contra a Covid-19 desenvolvida em parceria com o laborat\u00f3rio chin\u00eas Sinovac, vai ser aplicada a partir de segunda-feira (15), em Salvador. As doses j\u00e1 est\u00e3o na Central Estadual de Armazenamento da Secretaria da Sa\u00fade da Bahia (Sesab) e come\u00e7am a ser distribu\u00eddas para os munic\u00edpios a partir de sexta-feira (12).<\/p>\n<div class=\"mc-column content-text active-extra-styles \" data-block-type=\"unstyled\" data-block-weight=\"40\" data-block-id=\"4\">\n<p class=\"content-text__container \" data-track-category=\"Link no Texto\" data-track-links=\"\">Segundo a Sesab, o esquema da segunda dose vai come\u00e7ar pelos profissionais da sa\u00fade da linha de frente, idosos acima de 60 anos que vivem em asilos e ind\u00edgenas aldeados, que s\u00e3o os grupos imunizados na primeira etapa da vacina\u00e7\u00e3o.<\/p>\n<\/div>\n<div class=\"mc-column content-text active-extra-styles \" data-block-type=\"unstyled\" data-block-weight=\"22\" data-block-id=\"5\">\n<p class=\"content-text__container \" data-track-category=\"Link no Texto\" data-track-links=\"\">A recomenda\u00e7\u00e3o do \u00f3rg\u00e3o \u00e9 que as pessoas busquem os mesmos locais onde tomaram a primeira dose, levando a carteira de vacina\u00e7\u00e3o.<\/p>\n<\/div>\n<div class=\"mc-column content-text active-extra-styles \" data-block-type=\"unstyled\" data-block-weight=\"53\" data-block-id=\"6\">\n<p class=\"content-text__container \" data-track-category=\"Link no Texto\" data-track-links=\"\">Na ter\u00e7a-feira (9), o secret\u00e1rio de Sa\u00fade de Salvador, L\u00e9o Prates, anunciou a suspens\u00e3o da vacina\u00e7\u00e3o nos profissionais de sa\u00fade e o adiamento da campanha de imuniza\u00e7\u00e3o para idosos com menos de 85 anos, que come\u00e7aria na quinta-feira (11). A ideia inicial da prefeitura era a suspens\u00e3o de todo o servi\u00e7o na capital.<\/p>\n<\/div>\n<div class=\"mc-column content-text active-extra-styles \" data-block-type=\"unstyled\" data-block-weight=\"31\" data-block-id=\"7\">\n<p class=\"content-text__container \" data-track-category=\"Link no Texto\" data-track-links=\"\">Com isso, na quinta-feira a vacina\u00e7\u00e3o ser\u00e1 para idosos com idade igual ou superior a 86 anos e na sexta-feira (12), para idosos com idade igual ou superior a 85 anos.<\/p>\n<\/div>\n","protected":false},"excerpt":{"rendered":"<p>A segunda dose da CoronaVac, vacina contra a Covid-19 desenvolvida em parceria com o laborat\u00f3rio chin\u00eas Sinovac, vai ser aplicada a partir de segunda-feira (15), em Salvador. As doses j\u00e1 est\u00e3o na Central Estadual de Armazenamento da Secretaria da Sa\u00fade da Bahia (Sesab) e come\u00e7am a ser distribu\u00eddas para os munic\u00edpios a partir de sexta-feira [&hellip;]<\/p>\n","protected":false},"author":2,"featured_media":93026,"comment_status":"open","ping_status":"open","sticky":false,"template":"","format":"standard","meta":{"footnotes":"","_links_to":"","_links_to_target":""},"categories":[1],"tags":[],"class_list":["post-93023","post","type-post","status-publish","format-standard","has-post-thumbnail","hentry","category-geral"],"views":750,"_links":{"self":[{"href":"https:\/\/www.sudoestehoje.com.br\/novoportal\/wp-json\/wp\/v2\/posts\/93023","targetHints":{"allow":["GET"]}}],"collection":[{"href":"https:\/\/www.sudoestehoje.com.br\/novoportal\/wp-json\/wp\/v2\/posts"}],"about":[{"href":"https:\/\/www.sudoestehoje.com.br\/novoportal\/wp-json\/wp\/v2\/types\/post"}],"author":[{"embeddable":true,"href":"https:\/\/www.sudoestehoje.com.br\/novoportal\/wp-json\/wp\/v2\/users\/2"}],"replies":[{"embeddable":true,"href":"https:\/\/www.sudoestehoje.com.br\/novoportal\/wp-json\/wp\/v2\/comments?post=93023"}],"version-history":[{"count":3,"href":"https:\/\/www.sudoestehoje.com.br\/novoportal\/wp-json\/wp\/v2\/posts\/93023\/revisions"}],"predecessor-version":[{"id":93027,"href":"https:\/\/www.sudoestehoje.com.br\/novoportal\/wp-json\/wp\/v2\/posts\/93023\/revisions\/93027"}],"wp:featuredmedia":[{"embeddable":true,"href":"https:\/\/www.sudoestehoje.com.br\/novoportal\/wp-json\/wp\/v2\/media\/93026"}],"wp:attachment":[{"href":"https:\/\/www.sudoestehoje.com.br\/novoportal\/wp-json\/wp\/v2\/media?parent=93023"}],"wp:term":[{"taxonomy":"category","embeddable":true,"href":"https:\/\/www.sudoestehoje.com.br\/novoportal\/wp-json\/wp\/v2\/categories?post=93023"},{"taxonomy":"post_tag","embeddable":true,"href":"https:\/\/www.sudoestehoje.com.br\/novoportal\/wp-json\/wp\/v2\/tags?post=93023"}],"curies":[{"name":"wp","href":"https:\/\/api.w.org\/{rel}","templated":true}]}}