
{"id":92997,"date":"2021-02-09T20:41:23","date_gmt":"2021-02-09T23:41:23","guid":{"rendered":"https:\/\/www.sudoestehoje.com.br\/novoportal\/?p=92997"},"modified":"2021-02-09T20:41:23","modified_gmt":"2021-02-09T23:41:23","slug":"morre-o-professor-roberto-santos-ex-governador-da-bahia-e-ministro-da-saude","status":"publish","type":"post","link":"https:\/\/www.sudoestehoje.com.br\/novoportal\/2021\/02\/09\/morre-o-professor-roberto-santos-ex-governador-da-bahia-e-ministro-da-saude\/","title":{"rendered":"MORRE O PROFESSOR ROBERTO SANTOS, EX-GOVERNADOR DA BAHIA E MINISTRO DA SA\u00daDE"},"content":{"rendered":"<div class=\"mc-column content-text active-extra-styles \" data-block-type=\"unstyled\" data-block-weight=\"57\" data-block-id=\"2\">\n<p data-track-category=\"Link no Texto\" data-track-links=\"\"><a href=\"https:\/\/www.sudoestehoje.com.br\/novoportal\/wp-content\/uploads\/2021\/02\/csm_roberto_santos_divulgacao_alb_8d69a57bbe.jpg\"><img loading=\"lazy\" decoding=\"async\" class=\"aligncenter size-medium wp-image-92998\" src=\"https:\/\/www.sudoestehoje.com.br\/novoportal\/wp-content\/uploads\/2021\/02\/csm_roberto_santos_divulgacao_alb_8d69a57bbe-500x311.jpg\" alt=\"\" width=\"500\" height=\"311\" srcset=\"https:\/\/www.sudoestehoje.com.br\/novoportal\/wp-content\/uploads\/2021\/02\/csm_roberto_santos_divulgacao_alb_8d69a57bbe-500x311.jpg 500w, https:\/\/www.sudoestehoje.com.br\/novoportal\/wp-content\/uploads\/2021\/02\/csm_roberto_santos_divulgacao_alb_8d69a57bbe-700x436.jpg 700w, https:\/\/www.sudoestehoje.com.br\/novoportal\/wp-content\/uploads\/2021\/02\/csm_roberto_santos_divulgacao_alb_8d69a57bbe-768x478.jpg 768w, https:\/\/www.sudoestehoje.com.br\/novoportal\/wp-content\/uploads\/2021\/02\/csm_roberto_santos_divulgacao_alb_8d69a57bbe.jpg 940w\" sizes=\"auto, (max-width: 500px) 100vw, 500px\" \/><\/a><\/p>\n<p class=\"content-text__container \" data-track-category=\"Link no Texto\" data-track-links=\"\">O ex-governador da Bahia, Roberto Figueira Santos, morreu nesta ter\u00e7a-feira (9), aos 94 anos. A informa\u00e7\u00e3o foi divulgada pela Universidade Federal da Bahia (Ufba), institui\u00e7\u00e3o que ele foi reitor. Roberto Santos, que tamb\u00e9m j\u00e1 foi ministro da Sa\u00fade, estava internado h\u00e1 cerca de 15 dias em um hospital particular de Salvador por causa de problemas renais.<\/p>\n<\/div>\n<div class=\"wall protected-content\">\n<div class=\"mc-column content-text active-extra-styles \" data-block-type=\"unstyled\" data-block-weight=\"44\" data-block-id=\"3\">\n<p class=\"content-text__container \" data-track-category=\"Link no Texto\" data-track-links=\"\">&#8220;Informo aos membros da comunidade UFBA que Dr. Roberto Santos, nosso ex-reitor e nosso grande amigo, acaba de falecer. A UFBA, mais uma vez, est\u00e1 de luto. Expresso aqui nossos sentimentos mais profundos&#8221;, escreveu o reitor da Ufba, Jo\u00e3o Carlos Salles, nas redes sociais.<\/p>\n<\/div>\n<div class=\"mc-column content-text active-extra-styles \" data-block-type=\"unstyled\" data-block-weight=\"32\" data-block-id=\"4\">\n<p class=\"content-text__container \" data-track-category=\"Link no Texto\" data-track-links=\"\">O governo da Bahia e a Ufba decretaram luto de tr\u00eas dias. O sepultamento est\u00e1 previsto para \u00e0s 11h30, no cemit\u00e9rio Jardim da Saudade, localizado no bairro de Brotas, em Salvador.<\/p>\n<\/div>\n<div class=\"row medium-uncollapsed content-media content-photo\" data-block-type=\"backstage-photo\" data-block-id=\"5\">\n<div class=\"mc-column content-media__container\">\n<div class=\"mc-column content-text active-extra-styles \" data-block-type=\"unstyled\" data-block-weight=\"27\" data-block-id=\"8\">\n<p class=\"content-text__container \" data-track-category=\"Link no Texto\" data-track-links=\"\">Filho de Edgard Rego dos Santos e de Carmem Figueira Santos, s<span class=\"highlight highlighted\">e formou em medicina pela Ufba em 1949 e tornou-se professor titular da institui\u00e7\u00e3o em 1951.<\/span><\/p>\n<\/div>\n<div class=\"mc-column content-text active-extra-styles \" data-block-type=\"unstyled\" data-block-weight=\"34\" data-block-id=\"9\">\n<p class=\"content-text__container \" data-track-category=\"Link no Texto\" data-track-links=\"\">Nos Estados Unidos, se especializou em cl\u00ednica m\u00e9dica, em uma temporada nas universidades de Cornell, Michigan e Harvard (1950-1953). Depois, foi \u00e0 Gr\u00e3-Bretanha, onde se especializou em medicina experimental pela Universidade de Cambridge (1954-1955).<\/p>\n<\/div>\n<div class=\"mc-column content-text active-extra-styles \" data-block-type=\"unstyled\" data-block-weight=\"53\" data-block-id=\"10\">\n<p class=\"content-text__container \" data-track-category=\"Link no Texto\" data-track-links=\"\">De volta ao Brasil, seguiu atuando na medicina e no ensino superior at\u00e9 ser nomeado secret\u00e1rio de Sa\u00fade da Bahia, durante os primeiros meses do governo Luiz Viana Filho. Ele abdicou do cargo ao ser nomeado reitor da Ufba (1967-1971), ocupando a mesma posi\u00e7\u00e3o que foi exercida pelo pai dele, professor Edgard Santos.<\/p>\n<\/div>\n<div class=\"mc-column content-text active-extra-styles \" data-block-type=\"unstyled\" data-block-weight=\"27\" data-block-id=\"11\">\n<p class=\"content-text__container \" data-track-category=\"Link no Texto\" data-track-links=\"\">Roberto Santos era<span class=\"highlight highlighted\">\u00a0membro da Academia Baiana de Letras e da Academia Nacional de Medicina. O ex-governador da Bahia tamb\u00e9m foi fundador da Academia Baiana de Ci\u00eancias.<\/span><\/p>\n<\/div>\n<\/div>\n<div><\/div>\n<div><\/div>\n<\/div>\n<\/div>\n","protected":false},"excerpt":{"rendered":"<p>O ex-governador da Bahia, Roberto Figueira Santos, morreu nesta ter\u00e7a-feira (9), aos 94 anos. A informa\u00e7\u00e3o foi divulgada pela Universidade Federal da Bahia (Ufba), institui\u00e7\u00e3o que ele foi reitor. Roberto Santos, que tamb\u00e9m j\u00e1 foi ministro da Sa\u00fade, estava internado h\u00e1 cerca de 15 dias em um hospital particular de Salvador por causa de problemas [&hellip;]<\/p>\n","protected":false},"author":2,"featured_media":92998,"comment_status":"open","ping_status":"open","sticky":false,"template":"","format":"standard","meta":{"footnotes":"","_links_to":"","_links_to_target":""},"categories":[1],"tags":[],"class_list":["post-92997","post","type-post","status-publish","format-standard","has-post-thumbnail","hentry","category-geral"],"views":1079,"_links":{"self":[{"href":"https:\/\/www.sudoestehoje.com.br\/novoportal\/wp-json\/wp\/v2\/posts\/92997","targetHints":{"allow":["GET"]}}],"collection":[{"href":"https:\/\/www.sudoestehoje.com.br\/novoportal\/wp-json\/wp\/v2\/posts"}],"about":[{"href":"https:\/\/www.sudoestehoje.com.br\/novoportal\/wp-json\/wp\/v2\/types\/post"}],"author":[{"embeddable":true,"href":"https:\/\/www.sudoestehoje.com.br\/novoportal\/wp-json\/wp\/v2\/users\/2"}],"replies":[{"embeddable":true,"href":"https:\/\/www.sudoestehoje.com.br\/novoportal\/wp-json\/wp\/v2\/comments?post=92997"}],"version-history":[{"count":1,"href":"https:\/\/www.sudoestehoje.com.br\/novoportal\/wp-json\/wp\/v2\/posts\/92997\/revisions"}],"predecessor-version":[{"id":92999,"href":"https:\/\/www.sudoestehoje.com.br\/novoportal\/wp-json\/wp\/v2\/posts\/92997\/revisions\/92999"}],"wp:featuredmedia":[{"embeddable":true,"href":"https:\/\/www.sudoestehoje.com.br\/novoportal\/wp-json\/wp\/v2\/media\/92998"}],"wp:attachment":[{"href":"https:\/\/www.sudoestehoje.com.br\/novoportal\/wp-json\/wp\/v2\/media?parent=92997"}],"wp:term":[{"taxonomy":"category","embeddable":true,"href":"https:\/\/www.sudoestehoje.com.br\/novoportal\/wp-json\/wp\/v2\/categories?post=92997"},{"taxonomy":"post_tag","embeddable":true,"href":"https:\/\/www.sudoestehoje.com.br\/novoportal\/wp-json\/wp\/v2\/tags?post=92997"}],"curies":[{"name":"wp","href":"https:\/\/api.w.org\/{rel}","templated":true}]}}