
{"id":92992,"date":"2021-02-09T08:12:09","date_gmt":"2021-02-09T11:12:09","guid":{"rendered":"https:\/\/www.sudoestehoje.com.br\/novoportal\/?p=92992"},"modified":"2021-02-09T08:15:15","modified_gmt":"2021-02-09T11:15:15","slug":"governo-nao-descarta-realizacao-do-sao-joao-na-bahia-em-2021-itapetinga-aguarda","status":"publish","type":"post","link":"https:\/\/www.sudoestehoje.com.br\/novoportal\/2021\/02\/09\/governo-nao-descarta-realizacao-do-sao-joao-na-bahia-em-2021-itapetinga-aguarda\/","title":{"rendered":"GOVERNO N\u00c3O DESCARTA REALIZA\u00c7\u00c3O DO S\u00c3O JO\u00c3O NA BAHIA EM 2021; ITAPETINGA AGUARDA"},"content":{"rendered":"<p><a href=\"https:\/\/www.sudoestehoje.com.br\/novoportal\/wp-content\/uploads\/2021\/02\/SAO-JO\u00c3O.jpg\"><img loading=\"lazy\" decoding=\"async\" class=\"aligncenter size-medium wp-image-92993\" src=\"https:\/\/www.sudoestehoje.com.br\/novoportal\/wp-content\/uploads\/2021\/02\/SAO-JO\u00c3O-500x297.jpg\" alt=\"\" width=\"500\" height=\"297\" srcset=\"https:\/\/www.sudoestehoje.com.br\/novoportal\/wp-content\/uploads\/2021\/02\/SAO-JO\u00c3O-500x297.jpg 500w, https:\/\/www.sudoestehoje.com.br\/novoportal\/wp-content\/uploads\/2021\/02\/SAO-JO\u00c3O-700x415.jpg 700w, https:\/\/www.sudoestehoje.com.br\/novoportal\/wp-content\/uploads\/2021\/02\/SAO-JO\u00c3O-768x456.jpg 768w, https:\/\/www.sudoestehoje.com.br\/novoportal\/wp-content\/uploads\/2021\/02\/SAO-JO\u00c3O.jpg 1038w\" sizes=\"auto, (max-width: 500px) 100vw, 500px\" \/><\/a><\/p>\n<p>O governador da Bahia, Rui Costa (PT), n\u00e3o descartou a possibilidade da realiza\u00e7\u00e3o do S\u00e3o Jo\u00e3o ainda este ano, mas disse que \u00e9 preciso ter cautela e que ainda \u00e9 cedo para tomar essa decis\u00e3o.<\/p>\n<p>Em entrevista \u00e0 r\u00e1dio Salvador FM, Rui pontuou que a discuss\u00e3o de um poss\u00edvel formato da festa depende do andamento da vacina\u00e7\u00e3o da popula\u00e7\u00e3o contra a Covid-19.<\/p>\n<p>\u201cVamos esperar um pouco para ver o quanto de oferta de vacina vamos ter at\u00e9 junho desse ano. Estar\u00e1 necessariamente vinculado [o S\u00e3o Jo\u00e3o] a quantidade de pessoas vacinadas que n\u00f3s tivermos no meio do ano. Se a quantidade for muito representativa, a gente pode pensar em formatos para a festa. Mas se a quantidade n\u00e3o for muito expressiva e a doen\u00e7a estiver como est\u00e1 hoje, n\u00e3o \u00e9 poss\u00edvel pensar na festa. Ainda \u00e9 cedo, vamos esperar um pouco para ver qual ser\u00e1 a perspectiva de vacina\u00e7\u00e3o at\u00e9 junho\u201d, comentou o petista.<\/p>\n<p>Em Itapetinga h\u00e1 grande expectativa, mas a decis\u00e3o s\u00f3 deve acontecer ap\u00f3s manifesta\u00e7\u00e3o das autoridades sanit\u00e1rias do Estado e do Munic\u00edpio.<\/p>\n","protected":false},"excerpt":{"rendered":"<p>O governador da Bahia, Rui Costa (PT), n\u00e3o descartou a possibilidade da realiza\u00e7\u00e3o do S\u00e3o Jo\u00e3o ainda este ano, mas disse que \u00e9 preciso ter cautela e que ainda \u00e9 cedo para tomar essa decis\u00e3o. Em entrevista \u00e0 r\u00e1dio Salvador FM, Rui pontuou que a discuss\u00e3o de um poss\u00edvel formato da festa depende do andamento [&hellip;]<\/p>\n","protected":false},"author":2,"featured_media":92993,"comment_status":"open","ping_status":"open","sticky":false,"template":"","format":"standard","meta":{"footnotes":"","_links_to":"","_links_to_target":""},"categories":[1],"tags":[],"class_list":["post-92992","post","type-post","status-publish","format-standard","has-post-thumbnail","hentry","category-geral"],"views":968,"_links":{"self":[{"href":"https:\/\/www.sudoestehoje.com.br\/novoportal\/wp-json\/wp\/v2\/posts\/92992","targetHints":{"allow":["GET"]}}],"collection":[{"href":"https:\/\/www.sudoestehoje.com.br\/novoportal\/wp-json\/wp\/v2\/posts"}],"about":[{"href":"https:\/\/www.sudoestehoje.com.br\/novoportal\/wp-json\/wp\/v2\/types\/post"}],"author":[{"embeddable":true,"href":"https:\/\/www.sudoestehoje.com.br\/novoportal\/wp-json\/wp\/v2\/users\/2"}],"replies":[{"embeddable":true,"href":"https:\/\/www.sudoestehoje.com.br\/novoportal\/wp-json\/wp\/v2\/comments?post=92992"}],"version-history":[{"count":3,"href":"https:\/\/www.sudoestehoje.com.br\/novoportal\/wp-json\/wp\/v2\/posts\/92992\/revisions"}],"predecessor-version":[{"id":92996,"href":"https:\/\/www.sudoestehoje.com.br\/novoportal\/wp-json\/wp\/v2\/posts\/92992\/revisions\/92996"}],"wp:featuredmedia":[{"embeddable":true,"href":"https:\/\/www.sudoestehoje.com.br\/novoportal\/wp-json\/wp\/v2\/media\/92993"}],"wp:attachment":[{"href":"https:\/\/www.sudoestehoje.com.br\/novoportal\/wp-json\/wp\/v2\/media?parent=92992"}],"wp:term":[{"taxonomy":"category","embeddable":true,"href":"https:\/\/www.sudoestehoje.com.br\/novoportal\/wp-json\/wp\/v2\/categories?post=92992"},{"taxonomy":"post_tag","embeddable":true,"href":"https:\/\/www.sudoestehoje.com.br\/novoportal\/wp-json\/wp\/v2\/tags?post=92992"}],"curies":[{"name":"wp","href":"https:\/\/api.w.org\/{rel}","templated":true}]}}