
{"id":92988,"date":"2021-02-09T07:54:53","date_gmt":"2021-02-09T10:54:53","guid":{"rendered":"https:\/\/www.sudoestehoje.com.br\/novoportal\/?p=92988"},"modified":"2021-02-09T07:56:25","modified_gmt":"2021-02-09T10:56:25","slug":"sem-carnaval-12-milhoes-de-pessoas-deixara-de-estar-nas-ruas-de-salvador-mas-prejuizo-e-de-r-17-bilhao","status":"publish","type":"post","link":"https:\/\/www.sudoestehoje.com.br\/novoportal\/2021\/02\/09\/sem-carnaval-12-milhoes-de-pessoas-deixara-de-estar-nas-ruas-de-salvador-mas-prejuizo-e-de-r-17-bilhao\/","title":{"rendered":"SEM CARNAVAL, 1,2 MILH\u00d5ES DE PESSOAS DEIXAR\u00c1 DE ESTAR NAS RUAS DE SALVADOR, MAS PREJU\u00cdZO \u00c9 DE R$ 1,7 BILH\u00c3O"},"content":{"rendered":"<p><a href=\"https:\/\/www.sudoestehoje.com.br\/novoportal\/wp-content\/uploads\/2021\/02\/CARNAVAL.jpg\"><img loading=\"lazy\" decoding=\"async\" class=\"aligncenter size-medium wp-image-92989\" src=\"https:\/\/www.sudoestehoje.com.br\/novoportal\/wp-content\/uploads\/2021\/02\/CARNAVAL-500x334.jpg\" alt=\"\" width=\"500\" height=\"334\" srcset=\"https:\/\/www.sudoestehoje.com.br\/novoportal\/wp-content\/uploads\/2021\/02\/CARNAVAL-500x334.jpg 500w, https:\/\/www.sudoestehoje.com.br\/novoportal\/wp-content\/uploads\/2021\/02\/CARNAVAL-700x467.jpg 700w, https:\/\/www.sudoestehoje.com.br\/novoportal\/wp-content\/uploads\/2021\/02\/CARNAVAL-768x512.jpg 768w, https:\/\/www.sudoestehoje.com.br\/novoportal\/wp-content\/uploads\/2021\/02\/CARNAVAL.jpg 940w\" sizes=\"auto, (max-width: 500px) 100vw, 500px\" \/><\/a><\/p>\n<p class=\"bodytext\">O cancelamento do Carnaval de Salvador, devido \u00e0 pandemia da Covid-19, vai evitar que 1,2 milh\u00e3o de pessoas circulem nas ruas onde tradicionalmente acontecem os festejos, na capital baiana.\u00a0A estimativa \u00e9 da Superintend\u00eancia de Estudos Econ\u00f4micos e Sociais da Bahia (SEI), autarquia da Secretaria estadual do Planejamento (Seplan).<\/p>\n<p class=\"bodytext\">A Sei tamb\u00e9m estima que em torno de R$ 1,7 bilh\u00e3o, advindos dos gastos dos foli\u00f5es, deixar\u00e3o de circular em Salvador. Ao CORREIO, a Secretaria Municipal de Cultura e Turismo (Secult) e a Empresa Salvador Turismo (Saltur) estimam que a\u00a0<a href=\"https:\/\/www.correio24horas.com.br\/noticia\/nid\/prejuizos-da-suspensao-do-carnaval-de-salvador-podem-chegar-a-r-18-bilhao\/\" target=\"_blank\" rel=\"noopener noreferrer\">movimenta\u00e7\u00e3o econ\u00f4mica ligada \u00e0 folia pudesse chegar a R$ 1,8 bilh\u00e3o<\/a>\u00a0em 2021.<\/p>\n<p>Ainda de acordo com a SEI, cerca de 60 mil trabalhadores ficar\u00e3o sem op\u00e7\u00e3o de desempenhar suas atividades e um montante de R$ 90 milh\u00f5es de rendimentos, fruto dos trabalhos realizados durante o per\u00edodo de Carnaval, deixar\u00e1 de ser gerado. O desinvestimento p\u00fablico deve ser de R$ 133 milh\u00f5es. <span style=\"color: #0000ff;\"><strong><a style=\"color: #0000ff;\" href=\"https:\/\/www.correio24horas.com.br\/noticia\/nid\/sem-carnaval-12-milhao-de-pessoas-deixara-de-estar-nas-ruas-de-salvador\/?fbclid=IwAR2N9vfS5-Va9ySUvG_mmi5BvsHI9kFd48BEiEanMIJCe3kBEJh2fKacI3o\">CONFIRA MAT\u00c9RIA COMPLETA <\/a><\/strong><\/span><\/p>\n","protected":false},"excerpt":{"rendered":"<p>O cancelamento do Carnaval de Salvador, devido \u00e0 pandemia da Covid-19, vai evitar que 1,2 milh\u00e3o de pessoas circulem nas ruas onde tradicionalmente acontecem os festejos, na capital baiana.\u00a0A estimativa \u00e9 da Superintend\u00eancia de Estudos Econ\u00f4micos e Sociais da Bahia (SEI), autarquia da Secretaria estadual do Planejamento (Seplan). A Sei tamb\u00e9m estima que em torno [&hellip;]<\/p>\n","protected":false},"author":2,"featured_media":92989,"comment_status":"open","ping_status":"open","sticky":false,"template":"","format":"standard","meta":{"footnotes":"","_links_to":"","_links_to_target":""},"categories":[1],"tags":[],"class_list":["post-92988","post","type-post","status-publish","format-standard","has-post-thumbnail","hentry","category-geral"],"views":881,"_links":{"self":[{"href":"https:\/\/www.sudoestehoje.com.br\/novoportal\/wp-json\/wp\/v2\/posts\/92988","targetHints":{"allow":["GET"]}}],"collection":[{"href":"https:\/\/www.sudoestehoje.com.br\/novoportal\/wp-json\/wp\/v2\/posts"}],"about":[{"href":"https:\/\/www.sudoestehoje.com.br\/novoportal\/wp-json\/wp\/v2\/types\/post"}],"author":[{"embeddable":true,"href":"https:\/\/www.sudoestehoje.com.br\/novoportal\/wp-json\/wp\/v2\/users\/2"}],"replies":[{"embeddable":true,"href":"https:\/\/www.sudoestehoje.com.br\/novoportal\/wp-json\/wp\/v2\/comments?post=92988"}],"version-history":[{"count":2,"href":"https:\/\/www.sudoestehoje.com.br\/novoportal\/wp-json\/wp\/v2\/posts\/92988\/revisions"}],"predecessor-version":[{"id":92991,"href":"https:\/\/www.sudoestehoje.com.br\/novoportal\/wp-json\/wp\/v2\/posts\/92988\/revisions\/92991"}],"wp:featuredmedia":[{"embeddable":true,"href":"https:\/\/www.sudoestehoje.com.br\/novoportal\/wp-json\/wp\/v2\/media\/92989"}],"wp:attachment":[{"href":"https:\/\/www.sudoestehoje.com.br\/novoportal\/wp-json\/wp\/v2\/media?parent=92988"}],"wp:term":[{"taxonomy":"category","embeddable":true,"href":"https:\/\/www.sudoestehoje.com.br\/novoportal\/wp-json\/wp\/v2\/categories?post=92988"},{"taxonomy":"post_tag","embeddable":true,"href":"https:\/\/www.sudoestehoje.com.br\/novoportal\/wp-json\/wp\/v2\/tags?post=92988"}],"curies":[{"name":"wp","href":"https:\/\/api.w.org\/{rel}","templated":true}]}}