
{"id":92982,"date":"2021-02-08T23:12:54","date_gmt":"2021-02-09T02:12:54","guid":{"rendered":"https:\/\/www.sudoestehoje.com.br\/novoportal\/?p=92982"},"modified":"2021-02-08T23:12:54","modified_gmt":"2021-02-09T02:12:54","slug":"governo-anuncia-novo-aumento-na-gasolina-diesel-e-gas-de-cozinha","status":"publish","type":"post","link":"https:\/\/www.sudoestehoje.com.br\/novoportal\/2021\/02\/08\/governo-anuncia-novo-aumento-na-gasolina-diesel-e-gas-de-cozinha\/","title":{"rendered":"GOVERNO ANUNCIA NOVO AUMENTO NA GASOLINA, DIESEL E G\u00c1S DE COZINHA"},"content":{"rendered":"<p><a href=\"https:\/\/www.sudoestehoje.com.br\/novoportal\/wp-content\/uploads\/2021\/02\/AUMENTO-COMBUSTIVEIS.jpg\"><img loading=\"lazy\" decoding=\"async\" class=\"aligncenter size-medium wp-image-92983\" src=\"https:\/\/www.sudoestehoje.com.br\/novoportal\/wp-content\/uploads\/2021\/02\/AUMENTO-COMBUSTIVEIS-500x355.jpg\" alt=\"\" width=\"500\" height=\"355\" srcset=\"https:\/\/www.sudoestehoje.com.br\/novoportal\/wp-content\/uploads\/2021\/02\/AUMENTO-COMBUSTIVEIS-500x355.jpg 500w, https:\/\/www.sudoestehoje.com.br\/novoportal\/wp-content\/uploads\/2021\/02\/AUMENTO-COMBUSTIVEIS-700x497.jpg 700w, https:\/\/www.sudoestehoje.com.br\/novoportal\/wp-content\/uploads\/2021\/02\/AUMENTO-COMBUSTIVEIS-768x545.jpg 768w, https:\/\/www.sudoestehoje.com.br\/novoportal\/wp-content\/uploads\/2021\/02\/AUMENTO-COMBUSTIVEIS.jpg 1024w\" sizes=\"auto, (max-width: 500px) 100vw, 500px\" \/><\/a><\/p>\n<p>A Petrobras anunciou que a partir da meia-noite de ter\u00e7a-feira (9) haver\u00e1 aumento nos pre\u00e7os dos tr\u00eas principais combust\u00edveis vendidos pela companhia: gasolina, diesel e g\u00e1s de cozinha.<\/p>\n<p>\u00c9 o primeiro aumento ap\u00f3s a reuni\u00e3o entre o presidente da estatal, Roberto Castello Branco, e o presidente Jair Bolsonaro na sexta-feira em Bras\u00edlia.<\/p>\n<p>Segundo a estatal, o litro da gasolina vendido nas refinarias aumentar\u00e1 R$ 0,17, o que levar\u00e1 o valor m\u00e9dio para R$ 2,25 por litro. Esse reajuste equivale a um aumento m\u00e9dio de 8,2%.<\/p>\n<p>No caso do diesel, o aumento ser\u00e1 de R$ 0,13, para R$ 2,24 por litro. Nesse caso, o valor equivale \u00e0 alta de 6,2%.<\/p>\n<p>O g\u00e1s de cozinha tamb\u00e9m ser\u00e1 reajustado, com aumento de R$ 0,14 por quilo, para R$ 2,77 \u2013 reajuste de 5,1%.<\/p>\n","protected":false},"excerpt":{"rendered":"<p>A Petrobras anunciou que a partir da meia-noite de ter\u00e7a-feira (9) haver\u00e1 aumento nos pre\u00e7os dos tr\u00eas principais combust\u00edveis vendidos pela companhia: gasolina, diesel e g\u00e1s de cozinha. \u00c9 o primeiro aumento ap\u00f3s a reuni\u00e3o entre o presidente da estatal, Roberto Castello Branco, e o presidente Jair Bolsonaro na sexta-feira em Bras\u00edlia. Segundo a estatal, [&hellip;]<\/p>\n","protected":false},"author":2,"featured_media":92983,"comment_status":"open","ping_status":"open","sticky":false,"template":"","format":"standard","meta":{"footnotes":"","_links_to":"","_links_to_target":""},"categories":[1],"tags":[],"class_list":["post-92982","post","type-post","status-publish","format-standard","has-post-thumbnail","hentry","category-geral"],"views":1083,"_links":{"self":[{"href":"https:\/\/www.sudoestehoje.com.br\/novoportal\/wp-json\/wp\/v2\/posts\/92982","targetHints":{"allow":["GET"]}}],"collection":[{"href":"https:\/\/www.sudoestehoje.com.br\/novoportal\/wp-json\/wp\/v2\/posts"}],"about":[{"href":"https:\/\/www.sudoestehoje.com.br\/novoportal\/wp-json\/wp\/v2\/types\/post"}],"author":[{"embeddable":true,"href":"https:\/\/www.sudoestehoje.com.br\/novoportal\/wp-json\/wp\/v2\/users\/2"}],"replies":[{"embeddable":true,"href":"https:\/\/www.sudoestehoje.com.br\/novoportal\/wp-json\/wp\/v2\/comments?post=92982"}],"version-history":[{"count":1,"href":"https:\/\/www.sudoestehoje.com.br\/novoportal\/wp-json\/wp\/v2\/posts\/92982\/revisions"}],"predecessor-version":[{"id":92984,"href":"https:\/\/www.sudoestehoje.com.br\/novoportal\/wp-json\/wp\/v2\/posts\/92982\/revisions\/92984"}],"wp:featuredmedia":[{"embeddable":true,"href":"https:\/\/www.sudoestehoje.com.br\/novoportal\/wp-json\/wp\/v2\/media\/92983"}],"wp:attachment":[{"href":"https:\/\/www.sudoestehoje.com.br\/novoportal\/wp-json\/wp\/v2\/media?parent=92982"}],"wp:term":[{"taxonomy":"category","embeddable":true,"href":"https:\/\/www.sudoestehoje.com.br\/novoportal\/wp-json\/wp\/v2\/categories?post=92982"},{"taxonomy":"post_tag","embeddable":true,"href":"https:\/\/www.sudoestehoje.com.br\/novoportal\/wp-json\/wp\/v2\/tags?post=92982"}],"curies":[{"name":"wp","href":"https:\/\/api.w.org\/{rel}","templated":true}]}}