
{"id":92976,"date":"2021-02-08T22:35:04","date_gmt":"2021-02-09T01:35:04","guid":{"rendered":"https:\/\/www.sudoestehoje.com.br\/novoportal\/?p=92976"},"modified":"2021-02-08T22:35:04","modified_gmt":"2021-02-09T01:35:04","slug":"itapetinga-prefeito-rodrigo-participa-de-inauguracao-da-nova-loja-da-coopardo","status":"publish","type":"post","link":"https:\/\/www.sudoestehoje.com.br\/novoportal\/2021\/02\/08\/itapetinga-prefeito-rodrigo-participa-de-inauguracao-da-nova-loja-da-coopardo\/","title":{"rendered":"ITAPETINGA: PREFEITO RODRIGO PARTICIPA DE INAUGURA\u00c7\u00c3O DA NOVA LOJA DA COOPARDO"},"content":{"rendered":"<p><a href=\"https:\/\/www.sudoestehoje.com.br\/novoportal\/wp-content\/uploads\/2021\/02\/COOP-2.jpg\"><img loading=\"lazy\" decoding=\"async\" class=\"aligncenter size-medium wp-image-92978\" src=\"https:\/\/www.sudoestehoje.com.br\/novoportal\/wp-content\/uploads\/2021\/02\/COOP-2-500x333.jpg\" alt=\"\" width=\"500\" height=\"333\" srcset=\"https:\/\/www.sudoestehoje.com.br\/novoportal\/wp-content\/uploads\/2021\/02\/COOP-2-500x333.jpg 500w, https:\/\/www.sudoestehoje.com.br\/novoportal\/wp-content\/uploads\/2021\/02\/COOP-2-700x467.jpg 700w, https:\/\/www.sudoestehoje.com.br\/novoportal\/wp-content\/uploads\/2021\/02\/COOP-2-768x512.jpg 768w, https:\/\/www.sudoestehoje.com.br\/novoportal\/wp-content\/uploads\/2021\/02\/COOP-2-1536x1024.jpg 1536w, https:\/\/www.sudoestehoje.com.br\/novoportal\/wp-content\/uploads\/2021\/02\/COOP-2-2048x1366.jpg 2048w\" sizes=\"auto, (max-width: 500px) 100vw, 500px\" \/><\/a><\/p>\n<p>O Prefeito Rodrigo Hagge participou, nesta segunda-feira, 08, da inaugura\u00e7\u00e3o da nova loja da Coopardo, o \u201cSal\u00e3o R\u00f4mulo Coelho\u201d. Mais ampla e com design mais moderno, a loja proporciona mais conforto, praticidade e agilidade para os associados e clientes.<\/p>\n<p>Apesar da pandemia, a Coopardo vem se desenvolvendo, conquistando novos espa\u00e7os e se expandindo. Segundo o presidente Aroldo Almeida, no ano passado, a Cooperativa bateu record de vendas.<\/p>\n<p><a href=\"https:\/\/www.sudoestehoje.com.br\/novoportal\/wp-content\/uploads\/2021\/02\/COOP-3.jpg\"><img loading=\"lazy\" decoding=\"async\" class=\"aligncenter size-medium wp-image-92979\" src=\"https:\/\/www.sudoestehoje.com.br\/novoportal\/wp-content\/uploads\/2021\/02\/COOP-3-500x333.jpg\" alt=\"\" width=\"500\" height=\"333\" srcset=\"https:\/\/www.sudoestehoje.com.br\/novoportal\/wp-content\/uploads\/2021\/02\/COOP-3-500x333.jpg 500w, https:\/\/www.sudoestehoje.com.br\/novoportal\/wp-content\/uploads\/2021\/02\/COOP-3-700x467.jpg 700w, https:\/\/www.sudoestehoje.com.br\/novoportal\/wp-content\/uploads\/2021\/02\/COOP-3-768x512.jpg 768w, https:\/\/www.sudoestehoje.com.br\/novoportal\/wp-content\/uploads\/2021\/02\/COOP-3-1536x1024.jpg 1536w, https:\/\/www.sudoestehoje.com.br\/novoportal\/wp-content\/uploads\/2021\/02\/COOP-3-2048x1366.jpg 2048w\" sizes=\"auto, (max-width: 500px) 100vw, 500px\" \/><\/a><\/p>\n<p>Segundo Cl\u00e1udio Murilo, diretor financeiro, a pecu\u00e1ria como um todo passou por grandes desafios. \u201cAtravessamos um per\u00edodo longo de secas, entre 2015 e 2016, sofremos o baque da perda de R\u00f4mulo, vivemos uma briga pol\u00edtica e econ\u00f4mica que o Brasil passou em 2019 e, por \u00faltimo, enfrentamos uma pandemia. Tudo isso nos motivou a buscar sa\u00eddas de desenvolvimento. Ampliamos a f\u00e1brica, melhoramos a alimenta\u00e7\u00e3o animal e hoje n\u00f3s temos um pre\u00e7o de herbicida competitivo. O desafio \u00e9 grande. A gente n\u00e3o tem como parar. Mas tenho certeza de que estamos no caminho certo\u201d, afirmou Murilo.<\/p>\n<p><a href=\"https:\/\/www.sudoestehoje.com.br\/novoportal\/wp-content\/uploads\/2021\/02\/COOP-4.jpg\"><img loading=\"lazy\" decoding=\"async\" class=\"aligncenter size-medium wp-image-92980\" src=\"https:\/\/www.sudoestehoje.com.br\/novoportal\/wp-content\/uploads\/2021\/02\/COOP-4-500x333.jpg\" alt=\"\" width=\"500\" height=\"333\" srcset=\"https:\/\/www.sudoestehoje.com.br\/novoportal\/wp-content\/uploads\/2021\/02\/COOP-4-500x333.jpg 500w, https:\/\/www.sudoestehoje.com.br\/novoportal\/wp-content\/uploads\/2021\/02\/COOP-4-700x467.jpg 700w, https:\/\/www.sudoestehoje.com.br\/novoportal\/wp-content\/uploads\/2021\/02\/COOP-4-768x512.jpg 768w, https:\/\/www.sudoestehoje.com.br\/novoportal\/wp-content\/uploads\/2021\/02\/COOP-4-1536x1024.jpg 1536w, https:\/\/www.sudoestehoje.com.br\/novoportal\/wp-content\/uploads\/2021\/02\/COOP-4-2048x1366.jpg 2048w\" sizes=\"auto, (max-width: 500px) 100vw, 500px\" \/><\/a><\/p>\n<p>Feliz em poder presenciar mais uma conquista da Coopardo, o prefeito falou sobre a sua import\u00e2ncia para nosso munic\u00edpio e nossa regi\u00e3o. \u201cA cooperativa abrange todos os produtores da regi\u00e3o e divide seus lucros entre eles. O seu desenvolvimento, as suas conquistas, mesmo em tempos t\u00e3o dif\u00edceis, refletem muito da for\u00e7a e da garra da nossa terra. Itapetinga segue pujante e a Coopardo \u00e9 um grande exemplo disso\u201d, disse Rodrigo.<\/p>\n","protected":false},"excerpt":{"rendered":"<p>O Prefeito Rodrigo Hagge participou, nesta segunda-feira, 08, da inaugura\u00e7\u00e3o da nova loja da Coopardo, o \u201cSal\u00e3o R\u00f4mulo Coelho\u201d. Mais ampla e com design mais moderno, a loja proporciona mais conforto, praticidade e agilidade para os associados e clientes. Apesar da pandemia, a Coopardo vem se desenvolvendo, conquistando novos espa\u00e7os e se expandindo. Segundo o [&hellip;]<\/p>\n","protected":false},"author":2,"featured_media":92978,"comment_status":"open","ping_status":"open","sticky":false,"template":"","format":"standard","meta":{"footnotes":"","_links_to":"","_links_to_target":""},"categories":[1],"tags":[],"class_list":["post-92976","post","type-post","status-publish","format-standard","has-post-thumbnail","hentry","category-geral"],"views":962,"_links":{"self":[{"href":"https:\/\/www.sudoestehoje.com.br\/novoportal\/wp-json\/wp\/v2\/posts\/92976","targetHints":{"allow":["GET"]}}],"collection":[{"href":"https:\/\/www.sudoestehoje.com.br\/novoportal\/wp-json\/wp\/v2\/posts"}],"about":[{"href":"https:\/\/www.sudoestehoje.com.br\/novoportal\/wp-json\/wp\/v2\/types\/post"}],"author":[{"embeddable":true,"href":"https:\/\/www.sudoestehoje.com.br\/novoportal\/wp-json\/wp\/v2\/users\/2"}],"replies":[{"embeddable":true,"href":"https:\/\/www.sudoestehoje.com.br\/novoportal\/wp-json\/wp\/v2\/comments?post=92976"}],"version-history":[{"count":2,"href":"https:\/\/www.sudoestehoje.com.br\/novoportal\/wp-json\/wp\/v2\/posts\/92976\/revisions"}],"predecessor-version":[{"id":92981,"href":"https:\/\/www.sudoestehoje.com.br\/novoportal\/wp-json\/wp\/v2\/posts\/92976\/revisions\/92981"}],"wp:featuredmedia":[{"embeddable":true,"href":"https:\/\/www.sudoestehoje.com.br\/novoportal\/wp-json\/wp\/v2\/media\/92978"}],"wp:attachment":[{"href":"https:\/\/www.sudoestehoje.com.br\/novoportal\/wp-json\/wp\/v2\/media?parent=92976"}],"wp:term":[{"taxonomy":"category","embeddable":true,"href":"https:\/\/www.sudoestehoje.com.br\/novoportal\/wp-json\/wp\/v2\/categories?post=92976"},{"taxonomy":"post_tag","embeddable":true,"href":"https:\/\/www.sudoestehoje.com.br\/novoportal\/wp-json\/wp\/v2\/tags?post=92976"}],"curies":[{"name":"wp","href":"https:\/\/api.w.org\/{rel}","templated":true}]}}