
{"id":92963,"date":"2021-02-07T19:07:55","date_gmt":"2021-02-07T22:07:55","guid":{"rendered":"https:\/\/www.sudoestehoje.com.br\/novoportal\/?p=92963"},"modified":"2021-02-07T19:07:55","modified_gmt":"2021-02-07T22:07:55","slug":"ex-vocalista-do-lordao-juarez-caseh-e-destaque-do-the-voice-da-rede-globo","status":"publish","type":"post","link":"https:\/\/www.sudoestehoje.com.br\/novoportal\/2021\/02\/07\/ex-vocalista-do-lordao-juarez-caseh-e-destaque-do-the-voice-da-rede-globo\/","title":{"rendered":"EX-VOCALISTA DO LORD\u00c3O, JUAREZ CASEH \u00c9 DESTAQUE DO &#8216;THE VOICE+&#8217;, DA REDE GLOBO"},"content":{"rendered":"<p><a href=\"https:\/\/www.sudoestehoje.com.br\/novoportal\/wp-content\/uploads\/2021\/02\/THE-VOICE.jpg\"><img loading=\"lazy\" decoding=\"async\" class=\"aligncenter size-medium wp-image-92966\" src=\"https:\/\/www.sudoestehoje.com.br\/novoportal\/wp-content\/uploads\/2021\/02\/THE-VOICE-500x321.jpg\" alt=\"\" width=\"500\" height=\"321\" srcset=\"https:\/\/www.sudoestehoje.com.br\/novoportal\/wp-content\/uploads\/2021\/02\/THE-VOICE-500x321.jpg 500w, https:\/\/www.sudoestehoje.com.br\/novoportal\/wp-content\/uploads\/2021\/02\/THE-VOICE-700x449.jpg 700w, https:\/\/www.sudoestehoje.com.br\/novoportal\/wp-content\/uploads\/2021\/02\/THE-VOICE-768x493.jpg 768w, https:\/\/www.sudoestehoje.com.br\/novoportal\/wp-content\/uploads\/2021\/02\/THE-VOICE.jpg 1260w\" sizes=\"auto, (max-width: 500px) 100vw, 500px\" \/><\/a><\/p>\n<p>Ao interpretar\u00a0<em>I Don\u2019t Want To Talk About It<\/em>, can\u00e7\u00e3o de autoria de Danny Whitten, o cantor Juarez Caseh foi um dos destaques, na tarde deste domingo (7), do programa\u00a0<em>The Voice+<\/em>, da Rede Globo.<\/p>\n<p>Natural de Macei\u00f3, Juarez Caseh, hoje com 64 anos, \u00e9 um artista que fez grande sucesso no sul da Bahia. \u201cNo final da d\u00e9cada de 70 e in\u00edcio da de 80, Juarez integrou a banda Super Som Lord\u00e3o, lembrou o jornalista Ederivaldo Benedito, que cedeu ao PIMENTA a imagem da capa de disco do Lord\u00e3o que ilustra esta mat\u00e9ria.<\/p>\n<p>Antes de deixar o Lord\u00e3o e seguir carreira em Salvador, onde foi vocalista da Banda Mel, Juarez \u2013 ao lado de Mimide, Filemon, J\u00f4 Carlos e Koc\u00f3 \u2013 gravou, em 1979, o primeiro LP da banda. Dois dos sucessos da grava\u00e7\u00e3o, foram\u00a0<em>Tempo e o Vento<\/em>, de Datan Coelho, e\u00a0<em>Mel\u00f4 do Sufoco<\/em>, de Mimide.<\/p>\n<p>A apresenta\u00e7\u00e3o de Juarez empolgou os t\u00e9cnicos, que viraram as cadeiras ainda nas primeiras notas. O artista escolheu o time de Claudia Leitte, que se emocionou ao saber da carreira musical de Caseh e ouvir que o cantor foi vocalista de bandas famosas no estado, como Banda Mel, Lord\u00e3o e Furtacor.<\/p>\n<p>A rea\u00e7\u00e3o de Claudia Leitte \u00e0 apresenta\u00e7\u00e3o de Caseh:<\/p>\n<p><em>\u2013 Meu Deus! N\u00e3o t\u00f4 acreditando. Voc\u00eas t\u00e3o entendendo que voc\u00eas est\u00e3o diante de uma estrela?<\/em><\/p>\n<p>Confira a apresenta\u00e7\u00e3o que \u201cquebrou\u201d a \u00faltima rodada da audi\u00e7\u00e3o \u00e0s cegas do\u00a0<em>The Voice+.<\/em><\/p>\n<p><a href=\"https:\/\/globoplay.globo.com\/v\/9247689\/\" target=\"_blank\" rel=\"noopener noreferrer\"><strong>Clique aqui<\/strong>\u00a0e confira a apresenta\u00e7\u00e3o de Caseh e a rea\u00e7\u00e3o dos jurados do programa da Rede Globo<\/a>.<\/p>\n<p><em>Pimenta Blog<\/em><\/p>\n","protected":false},"excerpt":{"rendered":"<p>Ao interpretar\u00a0I Don\u2019t Want To Talk About It, can\u00e7\u00e3o de autoria de Danny Whitten, o cantor Juarez Caseh foi um dos destaques, na tarde deste domingo (7), do programa\u00a0The Voice+, da Rede Globo. Natural de Macei\u00f3, Juarez Caseh, hoje com 64 anos, \u00e9 um artista que fez grande sucesso no sul da Bahia. \u201cNo final [&hellip;]<\/p>\n","protected":false},"author":2,"featured_media":92966,"comment_status":"open","ping_status":"open","sticky":false,"template":"","format":"standard","meta":{"footnotes":"","_links_to":"","_links_to_target":""},"categories":[1],"tags":[],"class_list":["post-92963","post","type-post","status-publish","format-standard","has-post-thumbnail","hentry","category-geral"],"views":1839,"_links":{"self":[{"href":"https:\/\/www.sudoestehoje.com.br\/novoportal\/wp-json\/wp\/v2\/posts\/92963","targetHints":{"allow":["GET"]}}],"collection":[{"href":"https:\/\/www.sudoestehoje.com.br\/novoportal\/wp-json\/wp\/v2\/posts"}],"about":[{"href":"https:\/\/www.sudoestehoje.com.br\/novoportal\/wp-json\/wp\/v2\/types\/post"}],"author":[{"embeddable":true,"href":"https:\/\/www.sudoestehoje.com.br\/novoportal\/wp-json\/wp\/v2\/users\/2"}],"replies":[{"embeddable":true,"href":"https:\/\/www.sudoestehoje.com.br\/novoportal\/wp-json\/wp\/v2\/comments?post=92963"}],"version-history":[{"count":3,"href":"https:\/\/www.sudoestehoje.com.br\/novoportal\/wp-json\/wp\/v2\/posts\/92963\/revisions"}],"predecessor-version":[{"id":92967,"href":"https:\/\/www.sudoestehoje.com.br\/novoportal\/wp-json\/wp\/v2\/posts\/92963\/revisions\/92967"}],"wp:featuredmedia":[{"embeddable":true,"href":"https:\/\/www.sudoestehoje.com.br\/novoportal\/wp-json\/wp\/v2\/media\/92966"}],"wp:attachment":[{"href":"https:\/\/www.sudoestehoje.com.br\/novoportal\/wp-json\/wp\/v2\/media?parent=92963"}],"wp:term":[{"taxonomy":"category","embeddable":true,"href":"https:\/\/www.sudoestehoje.com.br\/novoportal\/wp-json\/wp\/v2\/categories?post=92963"},{"taxonomy":"post_tag","embeddable":true,"href":"https:\/\/www.sudoestehoje.com.br\/novoportal\/wp-json\/wp\/v2\/tags?post=92963"}],"curies":[{"name":"wp","href":"https:\/\/api.w.org\/{rel}","templated":true}]}}