
{"id":92960,"date":"2021-02-05T23:37:29","date_gmt":"2021-02-06T02:37:29","guid":{"rendered":"https:\/\/www.sudoestehoje.com.br\/novoportal\/?p=92960"},"modified":"2021-02-05T23:37:29","modified_gmt":"2021-02-06T02:37:29","slug":"juiza-determina-o-retorno-das-aulas-presenciais-em-toda-a-bahia","status":"publish","type":"post","link":"https:\/\/www.sudoestehoje.com.br\/novoportal\/2021\/02\/05\/juiza-determina-o-retorno-das-aulas-presenciais-em-toda-a-bahia\/","title":{"rendered":"JUIZA DETERMINA O RETORNO DAS AULAS PRESENCIAIS EM TODA A BAHIA"},"content":{"rendered":"<p><a href=\"https:\/\/www.sudoestehoje.com.br\/novoportal\/wp-content\/uploads\/2021\/02\/VOLTA-AS-AULAS.jpg\"><img loading=\"lazy\" decoding=\"async\" class=\"aligncenter size-medium wp-image-92961\" src=\"https:\/\/www.sudoestehoje.com.br\/novoportal\/wp-content\/uploads\/2021\/02\/VOLTA-AS-AULAS-500x310.jpg\" alt=\"\" width=\"500\" height=\"310\" srcset=\"https:\/\/www.sudoestehoje.com.br\/novoportal\/wp-content\/uploads\/2021\/02\/VOLTA-AS-AULAS-500x310.jpg 500w, https:\/\/www.sudoestehoje.com.br\/novoportal\/wp-content\/uploads\/2021\/02\/VOLTA-AS-AULAS.jpg 512w\" sizes=\"auto, (max-width: 500px) 100vw, 500px\" \/><\/a><\/p>\n<p>A ju\u00edza Juliana de Castro Madeira Campos, da 6\u00aa Vara da Fazenda P\u00fablica de Salvador, determinou, nesta sexta-feira (5),\u00a0a retomada das atividades escolares presenciais na Bahia, com prazo at\u00e9 o dia 1\u00ba de mar\u00e7o para o retorno. Segundo a magistrada, a suspens\u00e3o das aulas viola o princ\u00edpio constitucional da razoabilidade.<\/p>\n<p>Em sua decis\u00e3o, que atendeu a um pedido do vereador de Salvador Alexandre Aleluia (DEM), a ju\u00edza determina ainda que o governo estadual apresente em 5 dias corridos, a contar da intima\u00e7\u00e3o eletr\u00f4nica, os protocolos de preven\u00e7\u00e3o ao cont\u00e1gio da Covid-19 que dever\u00e3o ser seguidos por todas as escolas do estado.<\/p>\n<p>\u201cAp\u00f3s a apresenta\u00e7\u00e3o dos protocolos, dever\u00e3o as escolas p\u00fablicas e privadas retornar \u00e0s atividades de forma presencial (com revezamento de alunos em sala) e\/ou h\u00edbrida (parte dos alunos em sala de aula e outra parte em tempo real na internet), dando continuidade ao ano letivo\u201d, diz a magistrada.<\/p>\n<p>\u201cO Estado da Bahia dever\u00e1 adequar as escolas p\u00fablicas aos protocolos estabelecidos para in\u00edcio das aulas no prazo m\u00e1ximo e improrrog\u00e1vel de 01 de mar\u00e7o de 2021\u201d, concluiu.<\/p>\n","protected":false},"excerpt":{"rendered":"<p>A ju\u00edza Juliana de Castro Madeira Campos, da 6\u00aa Vara da Fazenda P\u00fablica de Salvador, determinou, nesta sexta-feira (5),\u00a0a retomada das atividades escolares presenciais na Bahia, com prazo at\u00e9 o dia 1\u00ba de mar\u00e7o para o retorno. Segundo a magistrada, a suspens\u00e3o das aulas viola o princ\u00edpio constitucional da razoabilidade. Em sua decis\u00e3o, que atendeu [&hellip;]<\/p>\n","protected":false},"author":2,"featured_media":92961,"comment_status":"open","ping_status":"open","sticky":false,"template":"","format":"standard","meta":{"footnotes":"","_links_to":"","_links_to_target":""},"categories":[1],"tags":[],"class_list":["post-92960","post","type-post","status-publish","format-standard","has-post-thumbnail","hentry","category-geral"],"views":2653,"_links":{"self":[{"href":"https:\/\/www.sudoestehoje.com.br\/novoportal\/wp-json\/wp\/v2\/posts\/92960","targetHints":{"allow":["GET"]}}],"collection":[{"href":"https:\/\/www.sudoestehoje.com.br\/novoportal\/wp-json\/wp\/v2\/posts"}],"about":[{"href":"https:\/\/www.sudoestehoje.com.br\/novoportal\/wp-json\/wp\/v2\/types\/post"}],"author":[{"embeddable":true,"href":"https:\/\/www.sudoestehoje.com.br\/novoportal\/wp-json\/wp\/v2\/users\/2"}],"replies":[{"embeddable":true,"href":"https:\/\/www.sudoestehoje.com.br\/novoportal\/wp-json\/wp\/v2\/comments?post=92960"}],"version-history":[{"count":1,"href":"https:\/\/www.sudoestehoje.com.br\/novoportal\/wp-json\/wp\/v2\/posts\/92960\/revisions"}],"predecessor-version":[{"id":92962,"href":"https:\/\/www.sudoestehoje.com.br\/novoportal\/wp-json\/wp\/v2\/posts\/92960\/revisions\/92962"}],"wp:featuredmedia":[{"embeddable":true,"href":"https:\/\/www.sudoestehoje.com.br\/novoportal\/wp-json\/wp\/v2\/media\/92961"}],"wp:attachment":[{"href":"https:\/\/www.sudoestehoje.com.br\/novoportal\/wp-json\/wp\/v2\/media?parent=92960"}],"wp:term":[{"taxonomy":"category","embeddable":true,"href":"https:\/\/www.sudoestehoje.com.br\/novoportal\/wp-json\/wp\/v2\/categories?post=92960"},{"taxonomy":"post_tag","embeddable":true,"href":"https:\/\/www.sudoestehoje.com.br\/novoportal\/wp-json\/wp\/v2\/tags?post=92960"}],"curies":[{"name":"wp","href":"https:\/\/api.w.org\/{rel}","templated":true}]}}