
{"id":92946,"date":"2021-02-04T21:52:36","date_gmt":"2021-02-05T00:52:36","guid":{"rendered":"https:\/\/www.sudoestehoje.com.br\/novoportal\/?p=92946"},"modified":"2021-02-04T22:07:02","modified_gmt":"2021-02-05T01:07:02","slug":"itapetinga-em-live-prefeito-rodrigo-anuncia-retorno-as-aulas-a-partir-de-marco","status":"publish","type":"post","link":"https:\/\/www.sudoestehoje.com.br\/novoportal\/2021\/02\/04\/itapetinga-em-live-prefeito-rodrigo-anuncia-retorno-as-aulas-a-partir-de-marco\/","title":{"rendered":"ITAPETINGA: EM LIVE, PREFEITO RODRIGO ANUNCIA RETORNO \u00c0S AULAS A PARTIR DE MAR\u00c7O"},"content":{"rendered":"<p><a href=\"https:\/\/www.sudoestehoje.com.br\/novoportal\/wp-content\/uploads\/2021\/02\/live-3.jpeg\"><img loading=\"lazy\" decoding=\"async\" class=\"aligncenter size-medium wp-image-92950\" src=\"https:\/\/www.sudoestehoje.com.br\/novoportal\/wp-content\/uploads\/2021\/02\/live-3-500x375.jpeg\" alt=\"\" width=\"500\" height=\"375\" srcset=\"https:\/\/www.sudoestehoje.com.br\/novoportal\/wp-content\/uploads\/2021\/02\/live-3-500x375.jpeg 500w, https:\/\/www.sudoestehoje.com.br\/novoportal\/wp-content\/uploads\/2021\/02\/live-3-700x525.jpeg 700w, https:\/\/www.sudoestehoje.com.br\/novoportal\/wp-content\/uploads\/2021\/02\/live-3-768x576.jpeg 768w, https:\/\/www.sudoestehoje.com.br\/novoportal\/wp-content\/uploads\/2021\/02\/live-3.jpeg 1280w\" sizes=\"auto, (max-width: 500px) 100vw, 500px\" \/><\/a><\/p>\n<p>Atrav\u00e9s de Live realizada nesta quinta-feira (4), o prefeito de Itapetinga, Rodrigo Hagge (MDB), anunciou o retorno \u00e0s aulas na rede municipal de ensino, a partir de 1\u00ba de mar\u00e7o deste ano.<\/p>\n<p>Com a participa\u00e7\u00e3o dos secret\u00e1rios de Educa\u00e7\u00e3o e Sa\u00fade, Geraldo Trindade e Hugo Sousa, o chefe do executivo explanou sobre as medidas e protocolos que permitir\u00e3o a volta das aulas no munic\u00edpio, com seguran\u00e7a.<\/p>\n<p>De acordo com o Secret\u00e1rio de Educa\u00e7\u00e3o Geraldo Trindade, as aulas come\u00e7ar\u00e3o em mar\u00e7o atrav\u00e9s de plataforma virtual, na sede do munic\u00edpio e no Distrito de Bandeira do Col\u00f4nia, e presenciais apenas na zona rural e povoado de Palmares.<\/p>\n<p><a href=\"https:\/\/www.sudoestehoje.com.br\/novoportal\/wp-content\/uploads\/2021\/02\/live-2.jpeg\"><img loading=\"lazy\" decoding=\"async\" class=\"aligncenter size-medium wp-image-92952\" src=\"https:\/\/www.sudoestehoje.com.br\/novoportal\/wp-content\/uploads\/2021\/02\/live-2-500x281.jpeg\" alt=\"\" width=\"500\" height=\"281\" srcset=\"https:\/\/www.sudoestehoje.com.br\/novoportal\/wp-content\/uploads\/2021\/02\/live-2-500x281.jpeg 500w, https:\/\/www.sudoestehoje.com.br\/novoportal\/wp-content\/uploads\/2021\/02\/live-2-700x394.jpeg 700w, https:\/\/www.sudoestehoje.com.br\/novoportal\/wp-content\/uploads\/2021\/02\/live-2-768x432.jpeg 768w, https:\/\/www.sudoestehoje.com.br\/novoportal\/wp-content\/uploads\/2021\/02\/live-2.jpeg 1280w\" sizes=\"auto, (max-width: 500px) 100vw, 500px\" \/><\/a><\/p>\n<p>Em maio, de acordo com a prefeito Rodrigo Hagge, as escolas da sede do munic\u00edpio e do Distrito de Bandeira do Col\u00f4nia passam a ter aulas presenciais.<\/p>\n<p>N\u00e3o haver\u00e1 necessidade de realiza\u00e7\u00e3o de matr\u00edcula, j\u00e1 que o retorno dar\u00e1 continuidade ao ano letivo de 2020, interrompido no decorrer do ano passado.<\/p>\n<p>As escolas particulares n\u00e3o est\u00e3o inclu\u00eddas neste retorno anunciado pelo munic\u00edpio, j\u00e1 que o seu funcionamento \u00e9 regulado pelo Governo do Estado.<\/p>\n<p><strong><em>Por Davi Ferraz\u00a0<\/em><\/strong><\/p>\n","protected":false},"excerpt":{"rendered":"<p>Atrav\u00e9s de Live realizada nesta quinta-feira (4), o prefeito de Itapetinga, Rodrigo Hagge (MDB), anunciou o retorno \u00e0s aulas na rede municipal de ensino, a partir de 1\u00ba de mar\u00e7o deste ano. Com a participa\u00e7\u00e3o dos secret\u00e1rios de Educa\u00e7\u00e3o e Sa\u00fade, Geraldo Trindade e Hugo Sousa, o chefe do executivo explanou sobre as medidas e [&hellip;]<\/p>\n","protected":false},"author":2,"featured_media":92948,"comment_status":"open","ping_status":"open","sticky":false,"template":"","format":"standard","meta":{"footnotes":"","_links_to":"","_links_to_target":""},"categories":[1],"tags":[],"class_list":["post-92946","post","type-post","status-publish","format-standard","has-post-thumbnail","hentry","category-geral"],"views":1662,"_links":{"self":[{"href":"https:\/\/www.sudoestehoje.com.br\/novoportal\/wp-json\/wp\/v2\/posts\/92946","targetHints":{"allow":["GET"]}}],"collection":[{"href":"https:\/\/www.sudoestehoje.com.br\/novoportal\/wp-json\/wp\/v2\/posts"}],"about":[{"href":"https:\/\/www.sudoestehoje.com.br\/novoportal\/wp-json\/wp\/v2\/types\/post"}],"author":[{"embeddable":true,"href":"https:\/\/www.sudoestehoje.com.br\/novoportal\/wp-json\/wp\/v2\/users\/2"}],"replies":[{"embeddable":true,"href":"https:\/\/www.sudoestehoje.com.br\/novoportal\/wp-json\/wp\/v2\/comments?post=92946"}],"version-history":[{"count":4,"href":"https:\/\/www.sudoestehoje.com.br\/novoportal\/wp-json\/wp\/v2\/posts\/92946\/revisions"}],"predecessor-version":[{"id":92953,"href":"https:\/\/www.sudoestehoje.com.br\/novoportal\/wp-json\/wp\/v2\/posts\/92946\/revisions\/92953"}],"wp:featuredmedia":[{"embeddable":true,"href":"https:\/\/www.sudoestehoje.com.br\/novoportal\/wp-json\/wp\/v2\/media\/92948"}],"wp:attachment":[{"href":"https:\/\/www.sudoestehoje.com.br\/novoportal\/wp-json\/wp\/v2\/media?parent=92946"}],"wp:term":[{"taxonomy":"category","embeddable":true,"href":"https:\/\/www.sudoestehoje.com.br\/novoportal\/wp-json\/wp\/v2\/categories?post=92946"},{"taxonomy":"post_tag","embeddable":true,"href":"https:\/\/www.sudoestehoje.com.br\/novoportal\/wp-json\/wp\/v2\/tags?post=92946"}],"curies":[{"name":"wp","href":"https:\/\/api.w.org\/{rel}","templated":true}]}}