
{"id":92938,"date":"2021-02-03T20:35:45","date_gmt":"2021-02-03T23:35:45","guid":{"rendered":"https:\/\/www.sudoestehoje.com.br\/novoportal\/?p=92938"},"modified":"2021-02-03T20:40:41","modified_gmt":"2021-02-03T23:40:41","slug":"rodrigo-hagge-assume-postura-de-lider-regional-e-se-reune-com-liderancas-de-iguai","status":"publish","type":"post","link":"https:\/\/www.sudoestehoje.com.br\/novoportal\/2021\/02\/03\/rodrigo-hagge-assume-postura-de-lider-regional-e-se-reune-com-liderancas-de-iguai\/","title":{"rendered":"RODRIGO HAGGE ASSUME POSTURA DE L\u00cdDER REGIONAL E SE RE\u00daNE COM LIDERAN\u00c7AS DE IGUA\u00cd"},"content":{"rendered":"<p><a href=\"https:\/\/www.sudoestehoje.com.br\/novoportal\/wp-content\/uploads\/2021\/02\/rodrigo-iguai-1-1.jpeg\"><img loading=\"lazy\" decoding=\"async\" class=\"aligncenter size-medium wp-image-92940\" src=\"https:\/\/www.sudoestehoje.com.br\/novoportal\/wp-content\/uploads\/2021\/02\/rodrigo-iguai-1-1-500x374.jpeg\" alt=\"\" width=\"500\" height=\"374\" srcset=\"https:\/\/www.sudoestehoje.com.br\/novoportal\/wp-content\/uploads\/2021\/02\/rodrigo-iguai-1-1-500x374.jpeg 500w, https:\/\/www.sudoestehoje.com.br\/novoportal\/wp-content\/uploads\/2021\/02\/rodrigo-iguai-1-1-700x524.jpeg 700w, https:\/\/www.sudoestehoje.com.br\/novoportal\/wp-content\/uploads\/2021\/02\/rodrigo-iguai-1-1-768x575.jpeg 768w, https:\/\/www.sudoestehoje.com.br\/novoportal\/wp-content\/uploads\/2021\/02\/rodrigo-iguai-1-1.jpeg 1280w\" sizes=\"auto, (max-width: 500px) 100vw, 500px\" \/><\/a><\/p>\n<p>O prefeito Rodrigo Hagge (MDB) visitou, nesta quarta-feira, (3), a cidade de Igua\u00ed. Em reuni\u00e3o com lideran\u00e7as locais, ele falou sobre o desenvolvimento regional, novos projetos e sobre as melhores pol\u00edticas p\u00fablicas para os munic\u00edpios do M\u00e9dio Sudoeste.<\/p>\n<p>Rodrigo conquistou duas vit\u00f3rias pol\u00edticas hist\u00f3ricas nas elei\u00e7\u00f5es de 2016 e 2020. Se seu nome j\u00e1 tinha proje\u00e7\u00e3o na regi\u00e3o pelo trabalho que desenvolvera em Itapetinga nos \u00faltimos quatro anos, sua reelei\u00e7\u00e3o, com mais de 70% dos votos, fez com que a Bahia voltasse os holofotes a para essa jovem lideran\u00e7a. Com seu f\u00e1cil tr\u00e2nsito pol\u00edtico, o prefeito de Itapetinga vem buscando ser o porta-voz da regi\u00e3o perante a Assembleia Legislativa da Bahia, Congresso Nacional, Estado e Uni\u00e3o.<\/p>\n<p><a href=\"https:\/\/www.sudoestehoje.com.br\/novoportal\/wp-content\/uploads\/2021\/02\/rodrigo-Igua\u00ed-2.jpeg\"><img loading=\"lazy\" decoding=\"async\" class=\"aligncenter size-medium wp-image-92941\" src=\"https:\/\/www.sudoestehoje.com.br\/novoportal\/wp-content\/uploads\/2021\/02\/rodrigo-Igua\u00ed-2-500x374.jpeg\" alt=\"\" width=\"500\" height=\"374\" srcset=\"https:\/\/www.sudoestehoje.com.br\/novoportal\/wp-content\/uploads\/2021\/02\/rodrigo-Igua\u00ed-2-500x374.jpeg 500w, https:\/\/www.sudoestehoje.com.br\/novoportal\/wp-content\/uploads\/2021\/02\/rodrigo-Igua\u00ed-2-700x524.jpeg 700w, https:\/\/www.sudoestehoje.com.br\/novoportal\/wp-content\/uploads\/2021\/02\/rodrigo-Igua\u00ed-2-768x575.jpeg 768w, https:\/\/www.sudoestehoje.com.br\/novoportal\/wp-content\/uploads\/2021\/02\/rodrigo-Igua\u00ed-2.jpeg 1280w\" sizes=\"auto, (max-width: 500px) 100vw, 500px\" \/><\/a><\/p>\n<p>Em Igua\u00ed, ao lado de Ney Miranda, Rodrigo ouviu os principais anseios da popula\u00e7\u00e3o atrav\u00e9s das vozes do banc\u00e1rio Tiago, do funcion\u00e1rio p\u00fablico, Ronexon Gomes, do farmac\u00eautico Ubaldino Almeida, do professor Wendel Oliveira e de Mateus Cabral. Juntos, eles pensaram nas melhores estrat\u00e9gias para buscar solucionar os problemas e trazer benef\u00edcios para a regi\u00e3o.<\/p>\n<p>A trajet\u00f3ria desenhada por Rodrigo Hagge vem fazendo dele, sem d\u00favidas, uma lideran\u00e7a respeitada em todo estado. Sua seriedade e seu compromisso com a pol\u00edtica p\u00fablica fazem com que ele utilize seu prest\u00edgio em prol de uma regi\u00e3o pr\u00f3spera e cada vez mais forte.<\/p>\n<p><strong><em>Reda\u00e7\u00e3o<\/em><\/strong><\/p>\n","protected":false},"excerpt":{"rendered":"<p>O prefeito Rodrigo Hagge (MDB) visitou, nesta quarta-feira, (3), a cidade de Igua\u00ed. Em reuni\u00e3o com lideran\u00e7as locais, ele falou sobre o desenvolvimento regional, novos projetos e sobre as melhores pol\u00edticas p\u00fablicas para os munic\u00edpios do M\u00e9dio Sudoeste. Rodrigo conquistou duas vit\u00f3rias pol\u00edticas hist\u00f3ricas nas elei\u00e7\u00f5es de 2016 e 2020. Se seu nome j\u00e1 tinha [&hellip;]<\/p>\n","protected":false},"author":2,"featured_media":92940,"comment_status":"open","ping_status":"open","sticky":false,"template":"","format":"standard","meta":{"footnotes":"","_links_to":"","_links_to_target":""},"categories":[1],"tags":[],"class_list":["post-92938","post","type-post","status-publish","format-standard","has-post-thumbnail","hentry","category-geral"],"views":1926,"_links":{"self":[{"href":"https:\/\/www.sudoestehoje.com.br\/novoportal\/wp-json\/wp\/v2\/posts\/92938","targetHints":{"allow":["GET"]}}],"collection":[{"href":"https:\/\/www.sudoestehoje.com.br\/novoportal\/wp-json\/wp\/v2\/posts"}],"about":[{"href":"https:\/\/www.sudoestehoje.com.br\/novoportal\/wp-json\/wp\/v2\/types\/post"}],"author":[{"embeddable":true,"href":"https:\/\/www.sudoestehoje.com.br\/novoportal\/wp-json\/wp\/v2\/users\/2"}],"replies":[{"embeddable":true,"href":"https:\/\/www.sudoestehoje.com.br\/novoportal\/wp-json\/wp\/v2\/comments?post=92938"}],"version-history":[{"count":4,"href":"https:\/\/www.sudoestehoje.com.br\/novoportal\/wp-json\/wp\/v2\/posts\/92938\/revisions"}],"predecessor-version":[{"id":92945,"href":"https:\/\/www.sudoestehoje.com.br\/novoportal\/wp-json\/wp\/v2\/posts\/92938\/revisions\/92945"}],"wp:featuredmedia":[{"embeddable":true,"href":"https:\/\/www.sudoestehoje.com.br\/novoportal\/wp-json\/wp\/v2\/media\/92940"}],"wp:attachment":[{"href":"https:\/\/www.sudoestehoje.com.br\/novoportal\/wp-json\/wp\/v2\/media?parent=92938"}],"wp:term":[{"taxonomy":"category","embeddable":true,"href":"https:\/\/www.sudoestehoje.com.br\/novoportal\/wp-json\/wp\/v2\/categories?post=92938"},{"taxonomy":"post_tag","embeddable":true,"href":"https:\/\/www.sudoestehoje.com.br\/novoportal\/wp-json\/wp\/v2\/tags?post=92938"}],"curies":[{"name":"wp","href":"https:\/\/api.w.org\/{rel}","templated":true}]}}