
{"id":92932,"date":"2021-02-03T10:05:25","date_gmt":"2021-02-03T13:05:25","guid":{"rendered":"https:\/\/www.sudoestehoje.com.br\/novoportal\/?p=92932"},"modified":"2021-02-03T10:05:25","modified_gmt":"2021-02-03T13:05:25","slug":"itororo-tem-a-2a-maior-incidencia-de-covid-19-da-bahia-segundo-boletim-da-sesab","status":"publish","type":"post","link":"https:\/\/www.sudoestehoje.com.br\/novoportal\/2021\/02\/03\/itororo-tem-a-2a-maior-incidencia-de-covid-19-da-bahia-segundo-boletim-da-sesab\/","title":{"rendered":"ITOROR\u00d3 TEM A 2\u00aa MAIOR INCID\u00caNCIA DE COVID-19 DA BAHIA, SEGUNDO BOLETIM DA SESAB"},"content":{"rendered":"<p><a href=\"https:\/\/www.sudoestehoje.com.br\/novoportal\/wp-content\/uploads\/2021\/02\/ITORORO-VISTA-crop.jpg\"><img loading=\"lazy\" decoding=\"async\" class=\"aligncenter size-medium wp-image-92935\" src=\"https:\/\/www.sudoestehoje.com.br\/novoportal\/wp-content\/uploads\/2021\/02\/ITORORO-VISTA-crop-500x255.jpg\" alt=\"\" width=\"500\" height=\"255\" srcset=\"https:\/\/www.sudoestehoje.com.br\/novoportal\/wp-content\/uploads\/2021\/02\/ITORORO-VISTA-crop-500x255.jpg 500w, https:\/\/www.sudoestehoje.com.br\/novoportal\/wp-content\/uploads\/2021\/02\/ITORORO-VISTA-crop-700x357.jpg 700w, https:\/\/www.sudoestehoje.com.br\/novoportal\/wp-content\/uploads\/2021\/02\/ITORORO-VISTA-crop-768x392.jpg 768w, https:\/\/www.sudoestehoje.com.br\/novoportal\/wp-content\/uploads\/2021\/02\/ITORORO-VISTA-crop.jpg 1086w\" sizes=\"auto, (max-width: 500px) 100vw, 500px\" \/><\/a><\/p>\n<p>O munic\u00edpio de Itoror\u00f3, no m\u00e9dio Sudoeste da Bahia, vem ostentando uma posi\u00e7\u00e3o preocupante no ranking dos munic\u00edpios com maior incid\u00eancia da Covid-19 no Estado, de acordo com Boletim atualizado da Secretaria de Sa\u00fade do Estado &#8211; SESAB.<\/p>\n<p>No boletim de de ontem, dia 2 de fevereiro de 2021, a Sesab destaca que os munic\u00edpios com os maiores coeficientes<br \/>\nde incid\u00eancia por 100.000 habitantes na Bahia foram Ibirataia (11.905,69), <strong>Itoror\u00f3 (10.156,02)<\/strong>, Itabuna (9.395,80), Muniz Ferreira (9.256,27), Concei\u00e7\u00e3o do Coit\u00e9 (8.986,37), dentre outros.<\/p>\n<p>A situa\u00e7\u00e3o de Itoror\u00f3 preocupa Itapetinga, pela proximidade com o Distrito de Bandeira do Col\u00f4nia, cujos \u00edndices de contamina\u00e7\u00e3o tamb\u00e9m est\u00e3o acima da m\u00e9dia.<\/p>\n<p><a href=\"http:\/\/www.saude.ba.gov.br\/wp-content\/uploads\/2021\/02\/BOLETIM_ELETRONICO_BAHIAN_315___02022021.pdf\"><span style=\"color: #0000ff;\"><strong>CONFIRA AQUI BOLETIM ELETRONICO DA SESAB<\/strong><\/span><\/a><\/p>\n","protected":false},"excerpt":{"rendered":"<p>O munic\u00edpio de Itoror\u00f3, no m\u00e9dio Sudoeste da Bahia, vem ostentando uma posi\u00e7\u00e3o preocupante no ranking dos munic\u00edpios com maior incid\u00eancia da Covid-19 no Estado, de acordo com Boletim atualizado da Secretaria de Sa\u00fade do Estado &#8211; SESAB. No boletim de de ontem, dia 2 de fevereiro de 2021, a Sesab destaca que os munic\u00edpios [&hellip;]<\/p>\n","protected":false},"author":2,"featured_media":92935,"comment_status":"open","ping_status":"open","sticky":false,"template":"","format":"standard","meta":{"footnotes":"","_links_to":"","_links_to_target":""},"categories":[1],"tags":[],"class_list":["post-92932","post","type-post","status-publish","format-standard","has-post-thumbnail","hentry","category-geral"],"views":2030,"_links":{"self":[{"href":"https:\/\/www.sudoestehoje.com.br\/novoportal\/wp-json\/wp\/v2\/posts\/92932","targetHints":{"allow":["GET"]}}],"collection":[{"href":"https:\/\/www.sudoestehoje.com.br\/novoportal\/wp-json\/wp\/v2\/posts"}],"about":[{"href":"https:\/\/www.sudoestehoje.com.br\/novoportal\/wp-json\/wp\/v2\/types\/post"}],"author":[{"embeddable":true,"href":"https:\/\/www.sudoestehoje.com.br\/novoportal\/wp-json\/wp\/v2\/users\/2"}],"replies":[{"embeddable":true,"href":"https:\/\/www.sudoestehoje.com.br\/novoportal\/wp-json\/wp\/v2\/comments?post=92932"}],"version-history":[{"count":2,"href":"https:\/\/www.sudoestehoje.com.br\/novoportal\/wp-json\/wp\/v2\/posts\/92932\/revisions"}],"predecessor-version":[{"id":92936,"href":"https:\/\/www.sudoestehoje.com.br\/novoportal\/wp-json\/wp\/v2\/posts\/92932\/revisions\/92936"}],"wp:featuredmedia":[{"embeddable":true,"href":"https:\/\/www.sudoestehoje.com.br\/novoportal\/wp-json\/wp\/v2\/media\/92935"}],"wp:attachment":[{"href":"https:\/\/www.sudoestehoje.com.br\/novoportal\/wp-json\/wp\/v2\/media?parent=92932"}],"wp:term":[{"taxonomy":"category","embeddable":true,"href":"https:\/\/www.sudoestehoje.com.br\/novoportal\/wp-json\/wp\/v2\/categories?post=92932"},{"taxonomy":"post_tag","embeddable":true,"href":"https:\/\/www.sudoestehoje.com.br\/novoportal\/wp-json\/wp\/v2\/tags?post=92932"}],"curies":[{"name":"wp","href":"https:\/\/api.w.org\/{rel}","templated":true}]}}