
{"id":92891,"date":"2021-02-01T23:37:24","date_gmt":"2021-02-02T02:37:24","guid":{"rendered":"https:\/\/www.sudoestehoje.com.br\/novoportal\/?p=92891"},"modified":"2021-02-01T23:39:39","modified_gmt":"2021-02-02T02:39:39","slug":"itapetinga-idosos-a-partir-de-90-anos-comecam-a-ser-vacinados-nesta-terca","status":"publish","type":"post","link":"https:\/\/www.sudoestehoje.com.br\/novoportal\/2021\/02\/01\/itapetinga-idosos-a-partir-de-90-anos-comecam-a-ser-vacinados-nesta-terca\/","title":{"rendered":"ITAPETINGA: IDOSOS A PARTIR DE 90 ANOS COME\u00c7AM A SER VACINADOS NESTA TER\u00c7A"},"content":{"rendered":"<p><a href=\"https:\/\/www.sudoestehoje.com.br\/novoportal\/wp-content\/uploads\/2021\/02\/Vacina-em-idoso.jpg\"><img loading=\"lazy\" decoding=\"async\" class=\"aligncenter size-medium wp-image-92894\" src=\"https:\/\/www.sudoestehoje.com.br\/novoportal\/wp-content\/uploads\/2021\/02\/Vacina-em-idoso-500x281.jpg\" alt=\"\" width=\"500\" height=\"281\" srcset=\"https:\/\/www.sudoestehoje.com.br\/novoportal\/wp-content\/uploads\/2021\/02\/Vacina-em-idoso-500x281.jpg 500w, https:\/\/www.sudoestehoje.com.br\/novoportal\/wp-content\/uploads\/2021\/02\/Vacina-em-idoso-700x394.jpg 700w, https:\/\/www.sudoestehoje.com.br\/novoportal\/wp-content\/uploads\/2021\/02\/Vacina-em-idoso-768x432.jpg 768w, https:\/\/www.sudoestehoje.com.br\/novoportal\/wp-content\/uploads\/2021\/02\/Vacina-em-idoso.jpg 800w\" sizes=\"auto, (max-width: 500px) 100vw, 500px\" \/><\/a><\/p>\n<p>A prefeitura de Itapetinga inicia nova fase da vacina\u00e7\u00e3o contra Covid-19. A partir desta ter\u00e7a-feira, 02, come\u00e7ar\u00e3o a ser vacinados os idosos acima de 90 anos. Nos postos de sa\u00fade Idal\u00e9cio Andrade, Vila Riach\u00e3o, Clodoaldo Costa e Nova Itapetinga ser\u00e3o distribu\u00eddas 10 senhas por dia para evitar aglomera\u00e7\u00e3o. No posto Guilherme Dias, ser\u00e3o 30 senhas di\u00e1rias. Na quinta-feira, 04, vinte doses ser\u00e3o enviadas para Bandeira do Col\u00f4nia, a fim de imunizar os idosos do distrito.<\/p>\n<p>A campanha continua ap\u00f3s o recebimento de um novo lote de vacinas Astrazeneca, da Oxford. Segundo o Secret\u00e1rio de Sa\u00fade, \u201ccada frasco dessa vacina cont\u00e9m 10 doses. Uma vez aberto o frasco, n\u00f3s s\u00f3 teremos 6 horas para a aplica\u00e7\u00e3o de todas as doses para que ela n\u00e3o perca a sua efic\u00e1cia. Por isso, organizamos a log\u00edstica de vacina\u00e7\u00e3o em menos postos e fracionamos as senhas com o objetivo de garantir que n\u00e3o desperdi\u00e7aremos nenhuma dose sequer\u201d, afirmou o secret\u00e1rio que acredita que esta fase se encerrar\u00e1 com tranquilidade at\u00e9 o final da semana.<\/p>\n<p><a href=\"https:\/\/www.sudoestehoje.com.br\/novoportal\/wp-content\/uploads\/2021\/02\/VACINA-IDOSO-90-ANOS.jpeg\"><img loading=\"lazy\" decoding=\"async\" class=\"aligncenter size-medium wp-image-92896\" src=\"https:\/\/www.sudoestehoje.com.br\/novoportal\/wp-content\/uploads\/2021\/02\/VACINA-IDOSO-90-ANOS-500x625.jpeg\" alt=\"\" width=\"500\" height=\"625\" srcset=\"https:\/\/www.sudoestehoje.com.br\/novoportal\/wp-content\/uploads\/2021\/02\/VACINA-IDOSO-90-ANOS-500x625.jpeg 500w, https:\/\/www.sudoestehoje.com.br\/novoportal\/wp-content\/uploads\/2021\/02\/VACINA-IDOSO-90-ANOS-700x875.jpeg 700w, https:\/\/www.sudoestehoje.com.br\/novoportal\/wp-content\/uploads\/2021\/02\/VACINA-IDOSO-90-ANOS-768x960.jpeg 768w, https:\/\/www.sudoestehoje.com.br\/novoportal\/wp-content\/uploads\/2021\/02\/VACINA-IDOSO-90-ANOS.jpeg 1024w\" sizes=\"auto, (max-width: 500px) 100vw, 500px\" \/><\/a><\/p>\n","protected":false},"excerpt":{"rendered":"<p>A prefeitura de Itapetinga inicia nova fase da vacina\u00e7\u00e3o contra Covid-19. A partir desta ter\u00e7a-feira, 02, come\u00e7ar\u00e3o a ser vacinados os idosos acima de 90 anos. Nos postos de sa\u00fade Idal\u00e9cio Andrade, Vila Riach\u00e3o, Clodoaldo Costa e Nova Itapetinga ser\u00e3o distribu\u00eddas 10 senhas por dia para evitar aglomera\u00e7\u00e3o. No posto Guilherme Dias, ser\u00e3o 30 senhas [&hellip;]<\/p>\n","protected":false},"author":2,"featured_media":92894,"comment_status":"open","ping_status":"open","sticky":false,"template":"","format":"standard","meta":{"footnotes":"","_links_to":"","_links_to_target":""},"categories":[1],"tags":[],"class_list":["post-92891","post","type-post","status-publish","format-standard","has-post-thumbnail","hentry","category-geral"],"views":852,"_links":{"self":[{"href":"https:\/\/www.sudoestehoje.com.br\/novoportal\/wp-json\/wp\/v2\/posts\/92891","targetHints":{"allow":["GET"]}}],"collection":[{"href":"https:\/\/www.sudoestehoje.com.br\/novoportal\/wp-json\/wp\/v2\/posts"}],"about":[{"href":"https:\/\/www.sudoestehoje.com.br\/novoportal\/wp-json\/wp\/v2\/types\/post"}],"author":[{"embeddable":true,"href":"https:\/\/www.sudoestehoje.com.br\/novoportal\/wp-json\/wp\/v2\/users\/2"}],"replies":[{"embeddable":true,"href":"https:\/\/www.sudoestehoje.com.br\/novoportal\/wp-json\/wp\/v2\/comments?post=92891"}],"version-history":[{"count":4,"href":"https:\/\/www.sudoestehoje.com.br\/novoportal\/wp-json\/wp\/v2\/posts\/92891\/revisions"}],"predecessor-version":[{"id":92897,"href":"https:\/\/www.sudoestehoje.com.br\/novoportal\/wp-json\/wp\/v2\/posts\/92891\/revisions\/92897"}],"wp:featuredmedia":[{"embeddable":true,"href":"https:\/\/www.sudoestehoje.com.br\/novoportal\/wp-json\/wp\/v2\/media\/92894"}],"wp:attachment":[{"href":"https:\/\/www.sudoestehoje.com.br\/novoportal\/wp-json\/wp\/v2\/media?parent=92891"}],"wp:term":[{"taxonomy":"category","embeddable":true,"href":"https:\/\/www.sudoestehoje.com.br\/novoportal\/wp-json\/wp\/v2\/categories?post=92891"},{"taxonomy":"post_tag","embeddable":true,"href":"https:\/\/www.sudoestehoje.com.br\/novoportal\/wp-json\/wp\/v2\/tags?post=92891"}],"curies":[{"name":"wp","href":"https:\/\/api.w.org\/{rel}","templated":true}]}}