
{"id":92887,"date":"2021-02-01T23:11:47","date_gmt":"2021-02-02T02:11:47","guid":{"rendered":"https:\/\/www.sudoestehoje.com.br\/novoportal\/?p=92887"},"modified":"2021-02-01T23:13:06","modified_gmt":"2021-02-02T02:13:06","slug":"brasilia-arthur-lira-e-eleito-presidente-da-camara-dos-deputados-com-302-votos","status":"publish","type":"post","link":"https:\/\/www.sudoestehoje.com.br\/novoportal\/2021\/02\/01\/brasilia-arthur-lira-e-eleito-presidente-da-camara-dos-deputados-com-302-votos\/","title":{"rendered":"BRAS\u00cdLIA: ARTHUR LIRA \u00c9 ELEITO PRESIDENTE DA C\u00c2MARA DOS DEPUTADOS COM 302 VOTOS"},"content":{"rendered":"<p><a href=\"https:\/\/www.sudoestehoje.com.br\/novoportal\/wp-content\/uploads\/2021\/02\/LIRA.jpeg\"><img loading=\"lazy\" decoding=\"async\" class=\"aligncenter size-medium wp-image-92888\" src=\"https:\/\/www.sudoestehoje.com.br\/novoportal\/wp-content\/uploads\/2021\/02\/LIRA-500x286.jpeg\" alt=\"\" width=\"500\" height=\"286\" srcset=\"https:\/\/www.sudoestehoje.com.br\/novoportal\/wp-content\/uploads\/2021\/02\/LIRA-500x286.jpeg 500w, https:\/\/www.sudoestehoje.com.br\/novoportal\/wp-content\/uploads\/2021\/02\/LIRA-700x401.jpeg 700w, https:\/\/www.sudoestehoje.com.br\/novoportal\/wp-content\/uploads\/2021\/02\/LIRA-768x440.jpeg 768w, https:\/\/www.sudoestehoje.com.br\/novoportal\/wp-content\/uploads\/2021\/02\/LIRA.jpeg 1280w\" sizes=\"auto, (max-width: 500px) 100vw, 500px\" \/><\/a><\/p>\n<p>Aliado de Jair Bolsonaro, Arthur Lira (PP-AL) foi eleito na noite desta segunda-feira presidente da C\u00e2mara dos Deputados. Em primeiro turno, o deputado do PP obteve 302 votos, contra 145\u00a0 do seu principal advers\u00e1rio, Baleia Rossi (MDB-SP). O resultado \u00e9 uma vit\u00f3ria do governo e do pr\u00f3prio Bolsonaro, que\u00a0<a href=\"https:\/\/oglobo.globo.com\/brasil\/entenda-em-5-pontos-por-que-bolsonaro-se-empenha-para-eleger-arthur-lira-presidente-da-camara-24863296\">se esfor\u00e7ou pessoalmente para cacifar o parlamentar alagoano<\/a>.<\/p>\n<p>Durante a campanha, o Pal\u00e1cio do Planalto atuou de forma ostensiva, oferecendo cargos e verba \u00e0s bases eleitorais de parlamentares. A disputa tamb\u00e9m imp\u00f4s a\u00a0<a href=\"https:\/\/oglobo.globo.com\/brasil\/em-discurso-de-despedida-rodrigo-maia-chora-prega-conciliacao-24865251\">Rodrigo Maia (DEM-RJ)<\/a>, aliado de Rossi, uma derrota contundente.<\/p>\n<div id=\"sc_intxt_container\">\n<div>\n<div id=\"sc_ava_companion\" class=\"sc_intxt_hided\">Ainda disputaram a elei\u00e7\u00e3o F\u00e1bio Ramalho (MDB-MG), com 21 votos, Luiza Erundina (PSOL-SP), 16 votos, Marcel van Hattem (Novo-RS), 13 votos, Kim Kataguiri (DEM-SP), 2 votos, General Peternelli (PSL-SP), 1 voto e Andr\u00e9 Janones (Avante-MG), 3 votos.<\/div>\n<\/div>\n<\/div>\n","protected":false},"excerpt":{"rendered":"<p>Aliado de Jair Bolsonaro, Arthur Lira (PP-AL) foi eleito na noite desta segunda-feira presidente da C\u00e2mara dos Deputados. Em primeiro turno, o deputado do PP obteve 302 votos, contra 145\u00a0 do seu principal advers\u00e1rio, Baleia Rossi (MDB-SP). O resultado \u00e9 uma vit\u00f3ria do governo e do pr\u00f3prio Bolsonaro, que\u00a0se esfor\u00e7ou pessoalmente para cacifar o parlamentar [&hellip;]<\/p>\n","protected":false},"author":2,"featured_media":92888,"comment_status":"open","ping_status":"open","sticky":false,"template":"","format":"standard","meta":{"footnotes":"","_links_to":"","_links_to_target":""},"categories":[1],"tags":[],"class_list":["post-92887","post","type-post","status-publish","format-standard","has-post-thumbnail","hentry","category-geral"],"views":905,"_links":{"self":[{"href":"https:\/\/www.sudoestehoje.com.br\/novoportal\/wp-json\/wp\/v2\/posts\/92887","targetHints":{"allow":["GET"]}}],"collection":[{"href":"https:\/\/www.sudoestehoje.com.br\/novoportal\/wp-json\/wp\/v2\/posts"}],"about":[{"href":"https:\/\/www.sudoestehoje.com.br\/novoportal\/wp-json\/wp\/v2\/types\/post"}],"author":[{"embeddable":true,"href":"https:\/\/www.sudoestehoje.com.br\/novoportal\/wp-json\/wp\/v2\/users\/2"}],"replies":[{"embeddable":true,"href":"https:\/\/www.sudoestehoje.com.br\/novoportal\/wp-json\/wp\/v2\/comments?post=92887"}],"version-history":[{"count":2,"href":"https:\/\/www.sudoestehoje.com.br\/novoportal\/wp-json\/wp\/v2\/posts\/92887\/revisions"}],"predecessor-version":[{"id":92890,"href":"https:\/\/www.sudoestehoje.com.br\/novoportal\/wp-json\/wp\/v2\/posts\/92887\/revisions\/92890"}],"wp:featuredmedia":[{"embeddable":true,"href":"https:\/\/www.sudoestehoje.com.br\/novoportal\/wp-json\/wp\/v2\/media\/92888"}],"wp:attachment":[{"href":"https:\/\/www.sudoestehoje.com.br\/novoportal\/wp-json\/wp\/v2\/media?parent=92887"}],"wp:term":[{"taxonomy":"category","embeddable":true,"href":"https:\/\/www.sudoestehoje.com.br\/novoportal\/wp-json\/wp\/v2\/categories?post=92887"},{"taxonomy":"post_tag","embeddable":true,"href":"https:\/\/www.sudoestehoje.com.br\/novoportal\/wp-json\/wp\/v2\/tags?post=92887"}],"curies":[{"name":"wp","href":"https:\/\/api.w.org\/{rel}","templated":true}]}}