
{"id":92883,"date":"2021-02-01T22:32:00","date_gmt":"2021-02-02T01:32:00","guid":{"rendered":"https:\/\/www.sudoestehoje.com.br\/novoportal\/?p=92883"},"modified":"2021-02-01T22:32:00","modified_gmt":"2021-02-02T01:32:00","slug":"rodrigo-maia-chora-ao-se-despedir-da-presidencia-da-camara-e-prega-conciliacao","status":"publish","type":"post","link":"https:\/\/www.sudoestehoje.com.br\/novoportal\/2021\/02\/01\/rodrigo-maia-chora-ao-se-despedir-da-presidencia-da-camara-e-prega-conciliacao\/","title":{"rendered":"RODRIGO MAIA CHORA AO SE DESPEDIR DA PRESID\u00caNCIA DA C\u00c2MARA E PREGA CONCILIA\u00c7\u00c3O"},"content":{"rendered":"<p><a href=\"https:\/\/www.sudoestehoje.com.br\/novoportal\/wp-content\/uploads\/2021\/02\/Rodrigo-Maia-chora-01fev21-by-reprd-Facebook.jpg\"><img loading=\"lazy\" decoding=\"async\" class=\"aligncenter size-medium wp-image-92884\" src=\"https:\/\/www.sudoestehoje.com.br\/novoportal\/wp-content\/uploads\/2021\/02\/Rodrigo-Maia-chora-01fev21-by-reprd-Facebook-500x301.jpg\" alt=\"\" width=\"500\" height=\"301\" srcset=\"https:\/\/www.sudoestehoje.com.br\/novoportal\/wp-content\/uploads\/2021\/02\/Rodrigo-Maia-chora-01fev21-by-reprd-Facebook-500x301.jpg 500w, https:\/\/www.sudoestehoje.com.br\/novoportal\/wp-content\/uploads\/2021\/02\/Rodrigo-Maia-chora-01fev21-by-reprd-Facebook-700x422.jpg 700w, https:\/\/www.sudoestehoje.com.br\/novoportal\/wp-content\/uploads\/2021\/02\/Rodrigo-Maia-chora-01fev21-by-reprd-Facebook-768x463.jpg 768w, https:\/\/www.sudoestehoje.com.br\/novoportal\/wp-content\/uploads\/2021\/02\/Rodrigo-Maia-chora-01fev21-by-reprd-Facebook.jpg 900w\" sizes=\"auto, (max-width: 500px) 100vw, 500px\" \/><\/a><\/p>\n<p>Com olhos inchados, evidenciado que j\u00e1 havia chorado muito, o presidente da C\u00e2mara dos Deputados, Rodrigo Maia (DEM-RJ), caiu no pranto durante seu discurso, agora h\u00e1 pouco, momentos antes de iniciar o processo de vota\u00e7\u00e3o para eleger o seu sucessor.<\/p>\n<p>Menos agressivo que nos \u00faltimos dias, quando se comportou como se fosse chefe da oposi\u00e7\u00e3o ao governo de Jair Bolsonaro, ele desejou boa sorte \u00e0quele que vencer a elei\u00e7\u00e3o, sendo Arthur Lira (PP-AL) ou Baleia Rossi (MDB-SP). Ap\u00f3s o discurso, ele anunciou a decis\u00e3o de deixar o DEM.<\/p>\n<p>Ele havia amea\u00e7ado deixar o partido quando, descontrolado, acabara de ser comunicado da decis\u00e3o dos deputados do DEM de apoiar o candidato Arthur Lira. A decis\u00e3o foi modificada, a pedido do presidente da legenda, ACM Neto, para \u201cneutralidade\u201d em rela\u00e7\u00e3o \u00e0 disputa, s\u00f3 para n\u00e3o aumentar o desgaste de Maia.<\/p>\n<p>Durante o breve discurso, mostrando que nem sequer preparou um pronunciamento de balan\u00e7o de sua gest\u00e3o de mais de 1.600 dias, Rodrigo Maia agradeceu aos deputados e, como \u00e9 seu estilo, atribuiu ao per\u00edodo em que foi presidente \u201ca lideran\u00e7a\u201d das iniciativas de combate ao covid-19.<\/p>\n<p>As l\u00e1grimas de Rodrigo Maia, que os advers\u00e1rios consideram \u201cde crocodilo\u201d, n\u00e3o s\u00e3o exatamente uma novidade. Quando foi reeleito em 2017, ele tamb\u00e9m chorou.<\/p>\n","protected":false},"excerpt":{"rendered":"<p>Com olhos inchados, evidenciado que j\u00e1 havia chorado muito, o presidente da C\u00e2mara dos Deputados, Rodrigo Maia (DEM-RJ), caiu no pranto durante seu discurso, agora h\u00e1 pouco, momentos antes de iniciar o processo de vota\u00e7\u00e3o para eleger o seu sucessor. Menos agressivo que nos \u00faltimos dias, quando se comportou como se fosse chefe da oposi\u00e7\u00e3o [&hellip;]<\/p>\n","protected":false},"author":2,"featured_media":92884,"comment_status":"open","ping_status":"open","sticky":false,"template":"","format":"standard","meta":{"footnotes":"","_links_to":"","_links_to_target":""},"categories":[1],"tags":[],"class_list":["post-92883","post","type-post","status-publish","format-standard","has-post-thumbnail","hentry","category-geral"],"views":804,"_links":{"self":[{"href":"https:\/\/www.sudoestehoje.com.br\/novoportal\/wp-json\/wp\/v2\/posts\/92883","targetHints":{"allow":["GET"]}}],"collection":[{"href":"https:\/\/www.sudoestehoje.com.br\/novoportal\/wp-json\/wp\/v2\/posts"}],"about":[{"href":"https:\/\/www.sudoestehoje.com.br\/novoportal\/wp-json\/wp\/v2\/types\/post"}],"author":[{"embeddable":true,"href":"https:\/\/www.sudoestehoje.com.br\/novoportal\/wp-json\/wp\/v2\/users\/2"}],"replies":[{"embeddable":true,"href":"https:\/\/www.sudoestehoje.com.br\/novoportal\/wp-json\/wp\/v2\/comments?post=92883"}],"version-history":[{"count":2,"href":"https:\/\/www.sudoestehoje.com.br\/novoportal\/wp-json\/wp\/v2\/posts\/92883\/revisions"}],"predecessor-version":[{"id":92886,"href":"https:\/\/www.sudoestehoje.com.br\/novoportal\/wp-json\/wp\/v2\/posts\/92883\/revisions\/92886"}],"wp:featuredmedia":[{"embeddable":true,"href":"https:\/\/www.sudoestehoje.com.br\/novoportal\/wp-json\/wp\/v2\/media\/92884"}],"wp:attachment":[{"href":"https:\/\/www.sudoestehoje.com.br\/novoportal\/wp-json\/wp\/v2\/media?parent=92883"}],"wp:term":[{"taxonomy":"category","embeddable":true,"href":"https:\/\/www.sudoestehoje.com.br\/novoportal\/wp-json\/wp\/v2\/categories?post=92883"},{"taxonomy":"post_tag","embeddable":true,"href":"https:\/\/www.sudoestehoje.com.br\/novoportal\/wp-json\/wp\/v2\/tags?post=92883"}],"curies":[{"name":"wp","href":"https:\/\/api.w.org\/{rel}","templated":true}]}}