
{"id":92877,"date":"2021-02-01T21:41:18","date_gmt":"2021-02-02T00:41:18","guid":{"rendered":"https:\/\/www.sudoestehoje.com.br\/novoportal\/?p=92877"},"modified":"2021-02-01T21:41:18","modified_gmt":"2021-02-02T00:41:18","slug":"senado-elege-rodrigo-pacheco-como-novo-presidente-placar-foi-57-votos-a-21","status":"publish","type":"post","link":"https:\/\/www.sudoestehoje.com.br\/novoportal\/2021\/02\/01\/senado-elege-rodrigo-pacheco-como-novo-presidente-placar-foi-57-votos-a-21\/","title":{"rendered":"SENADO ELEGE RODRIGO PACHECO COMO NOVO PRESIDENTE; PLACAR FOI 57 VOTOS A 21"},"content":{"rendered":"<div class=\"jeg_ad jeg_ad_article jnews_content_inline_ads jeg_ads_hide_phone \">\n<div class=\"ads-wrapper align-right jeg_ads_hide_phone\"><a href=\"https:\/\/www.sudoestehoje.com.br\/novoportal\/wp-content\/uploads\/2021\/02\/Rodrigo-Pacheco-eleicao-Senado-Foto-Marcos-Oliveira-1140x570-1.jpg\"><img loading=\"lazy\" decoding=\"async\" class=\"aligncenter size-medium wp-image-92880\" src=\"https:\/\/www.sudoestehoje.com.br\/novoportal\/wp-content\/uploads\/2021\/02\/Rodrigo-Pacheco-eleicao-Senado-Foto-Marcos-Oliveira-1140x570-1-500x250.jpg\" alt=\"\" width=\"500\" height=\"250\" srcset=\"https:\/\/www.sudoestehoje.com.br\/novoportal\/wp-content\/uploads\/2021\/02\/Rodrigo-Pacheco-eleicao-Senado-Foto-Marcos-Oliveira-1140x570-1-500x250.jpg 500w, https:\/\/www.sudoestehoje.com.br\/novoportal\/wp-content\/uploads\/2021\/02\/Rodrigo-Pacheco-eleicao-Senado-Foto-Marcos-Oliveira-1140x570-1-700x350.jpg 700w, https:\/\/www.sudoestehoje.com.br\/novoportal\/wp-content\/uploads\/2021\/02\/Rodrigo-Pacheco-eleicao-Senado-Foto-Marcos-Oliveira-1140x570-1-768x384.jpg 768w, https:\/\/www.sudoestehoje.com.br\/novoportal\/wp-content\/uploads\/2021\/02\/Rodrigo-Pacheco-eleicao-Senado-Foto-Marcos-Oliveira-1140x570-1.jpg 1140w\" sizes=\"auto, (max-width: 500px) 100vw, 500px\" \/><\/a><\/div>\n<\/div>\n<p>Ap\u00f3s uma sess\u00e3o sem confus\u00f5es, o Senado Federal elegeu Rodrigo Pacheco (DEM-MG) na tarde desta segunda-feira (1\u00ba) como o novo presidente da Casa, para o bi\u00eanio 2021-2022. O substituto de Davi Alcolumbre (DEM), que deixou o cargo, recebeu 57 votos, contra 21 votos de Simone Tebet (MDB-MS).<\/p>\n<p>O chamamento para a vota\u00e7\u00e3o dos senadores come\u00e7ou logo ap\u00f3s as 17h20 e foi encerrada \u00e0s 18h38. A apura\u00e7\u00e3o demorou 20 minutos e foi conclu\u00edda com a vit\u00f3ria do candidato que teve o apoio t\u00e1cito do governo, mas tamb\u00e9m de senadores da oposi\u00e7\u00e3o.<\/p>\n","protected":false},"excerpt":{"rendered":"<p>Ap\u00f3s uma sess\u00e3o sem confus\u00f5es, o Senado Federal elegeu Rodrigo Pacheco (DEM-MG) na tarde desta segunda-feira (1\u00ba) como o novo presidente da Casa, para o bi\u00eanio 2021-2022. O substituto de Davi Alcolumbre (DEM), que deixou o cargo, recebeu 57 votos, contra 21 votos de Simone Tebet (MDB-MS). O chamamento para a vota\u00e7\u00e3o dos senadores come\u00e7ou [&hellip;]<\/p>\n","protected":false},"author":2,"featured_media":92880,"comment_status":"open","ping_status":"open","sticky":false,"template":"","format":"standard","meta":{"footnotes":"","_links_to":"","_links_to_target":""},"categories":[1],"tags":[],"class_list":["post-92877","post","type-post","status-publish","format-standard","has-post-thumbnail","hentry","category-geral"],"views":804,"_links":{"self":[{"href":"https:\/\/www.sudoestehoje.com.br\/novoportal\/wp-json\/wp\/v2\/posts\/92877","targetHints":{"allow":["GET"]}}],"collection":[{"href":"https:\/\/www.sudoestehoje.com.br\/novoportal\/wp-json\/wp\/v2\/posts"}],"about":[{"href":"https:\/\/www.sudoestehoje.com.br\/novoportal\/wp-json\/wp\/v2\/types\/post"}],"author":[{"embeddable":true,"href":"https:\/\/www.sudoestehoje.com.br\/novoportal\/wp-json\/wp\/v2\/users\/2"}],"replies":[{"embeddable":true,"href":"https:\/\/www.sudoestehoje.com.br\/novoportal\/wp-json\/wp\/v2\/comments?post=92877"}],"version-history":[{"count":2,"href":"https:\/\/www.sudoestehoje.com.br\/novoportal\/wp-json\/wp\/v2\/posts\/92877\/revisions"}],"predecessor-version":[{"id":92881,"href":"https:\/\/www.sudoestehoje.com.br\/novoportal\/wp-json\/wp\/v2\/posts\/92877\/revisions\/92881"}],"wp:featuredmedia":[{"embeddable":true,"href":"https:\/\/www.sudoestehoje.com.br\/novoportal\/wp-json\/wp\/v2\/media\/92880"}],"wp:attachment":[{"href":"https:\/\/www.sudoestehoje.com.br\/novoportal\/wp-json\/wp\/v2\/media?parent=92877"}],"wp:term":[{"taxonomy":"category","embeddable":true,"href":"https:\/\/www.sudoestehoje.com.br\/novoportal\/wp-json\/wp\/v2\/categories?post=92877"},{"taxonomy":"post_tag","embeddable":true,"href":"https:\/\/www.sudoestehoje.com.br\/novoportal\/wp-json\/wp\/v2\/tags?post=92877"}],"curies":[{"name":"wp","href":"https:\/\/api.w.org\/{rel}","templated":true}]}}