
{"id":92872,"date":"2021-02-01T09:56:32","date_gmt":"2021-02-01T12:56:32","guid":{"rendered":"https:\/\/www.sudoestehoje.com.br\/novoportal\/?p=92872"},"modified":"2021-02-01T10:28:17","modified_gmt":"2021-02-01T13:28:17","slug":"greve-dos-caminhoneiros-nao-propera-na-bahia-br-116-foi-liberada-pela-prf","status":"publish","type":"post","link":"https:\/\/www.sudoestehoje.com.br\/novoportal\/2021\/02\/01\/greve-dos-caminhoneiros-nao-propera-na-bahia-br-116-foi-liberada-pela-prf\/","title":{"rendered":"GREVE DOS CAMINHONEIROS N\u00c3O PROSPERA NA BAHIA; BR-116 FOI LIBERADA PELA PRF"},"content":{"rendered":"<p><a href=\"https:\/\/www.sudoestehoje.com.br\/novoportal\/wp-content\/uploads\/2021\/02\/manifesta\u00e7\u00e3o-br-116-lamar\u00e3o.jpeg\"><img loading=\"lazy\" decoding=\"async\" class=\"aligncenter size-medium wp-image-92873\" src=\"https:\/\/www.sudoestehoje.com.br\/novoportal\/wp-content\/uploads\/2021\/02\/manifesta\u00e7\u00e3o-br-116-lamar\u00e3o-500x350.jpeg\" alt=\"\" width=\"500\" height=\"350\" srcset=\"https:\/\/www.sudoestehoje.com.br\/novoportal\/wp-content\/uploads\/2021\/02\/manifesta\u00e7\u00e3o-br-116-lamar\u00e3o-500x350.jpeg 500w, https:\/\/www.sudoestehoje.com.br\/novoportal\/wp-content\/uploads\/2021\/02\/manifesta\u00e7\u00e3o-br-116-lamar\u00e3o.jpeg 600w\" sizes=\"auto, (max-width: 500px) 100vw, 500px\" \/><\/a><\/p>\n<p>O Minist\u00e9rio da Infraestrutura e a Pol\u00edcia Rodovi\u00e1ria Federal (PRF) divulgaram comunicado no qual informam que, \u00e0s 6h desta segunda-feira (1.\u00ba), todas as rodovias federais, concedidas ou sob gest\u00e3o do Departamento Nacional de Infraestrutura de Transportes (DNIT), encontravam-se com fluxo livre de ve\u00edculos, n\u00e3o havendo nenhum ponto de reten\u00e7\u00e3o total ou parcial.<\/p>\n<p>Durante a madrugada, concession\u00e1ria da BR-116 na Bahia informou sobre duas paralisa\u00e7\u00f5es parciais nos dois sentidos da rodovia, nos munic\u00edpios de Itatim (km 522) e Vit\u00f3ria da Conquista (km 814), com queima de pneus na pista. Pouco antes das 7h, no entanto, a PRF local informou que n\u00e3o havia qualquer ponto de reten\u00e7\u00e3o parcial ou total nas rodovias federais baianas.<\/p>\n<p>Algumas lideran\u00e7as dos caminhoneiros aut\u00f4nomos, transportadores de cargas, convocaram motoristas para uma paralisa\u00e7\u00e3o a partir desta segunda. No entanto, o movimento n\u00e3o \u00e9 consenso na categoria, e algumas organiza\u00e7\u00f5es avisaram que n\u00e3o v\u00e3o aderir.<\/p>\n","protected":false},"excerpt":{"rendered":"<p>O Minist\u00e9rio da Infraestrutura e a Pol\u00edcia Rodovi\u00e1ria Federal (PRF) divulgaram comunicado no qual informam que, \u00e0s 6h desta segunda-feira (1.\u00ba), todas as rodovias federais, concedidas ou sob gest\u00e3o do Departamento Nacional de Infraestrutura de Transportes (DNIT), encontravam-se com fluxo livre de ve\u00edculos, n\u00e3o havendo nenhum ponto de reten\u00e7\u00e3o total ou parcial. Durante a madrugada, [&hellip;]<\/p>\n","protected":false},"author":2,"featured_media":92873,"comment_status":"open","ping_status":"open","sticky":false,"template":"","format":"standard","meta":{"footnotes":"","_links_to":"","_links_to_target":""},"categories":[1],"tags":[],"class_list":["post-92872","post","type-post","status-publish","format-standard","has-post-thumbnail","hentry","category-geral"],"views":1312,"_links":{"self":[{"href":"https:\/\/www.sudoestehoje.com.br\/novoportal\/wp-json\/wp\/v2\/posts\/92872","targetHints":{"allow":["GET"]}}],"collection":[{"href":"https:\/\/www.sudoestehoje.com.br\/novoportal\/wp-json\/wp\/v2\/posts"}],"about":[{"href":"https:\/\/www.sudoestehoje.com.br\/novoportal\/wp-json\/wp\/v2\/types\/post"}],"author":[{"embeddable":true,"href":"https:\/\/www.sudoestehoje.com.br\/novoportal\/wp-json\/wp\/v2\/users\/2"}],"replies":[{"embeddable":true,"href":"https:\/\/www.sudoestehoje.com.br\/novoportal\/wp-json\/wp\/v2\/comments?post=92872"}],"version-history":[{"count":3,"href":"https:\/\/www.sudoestehoje.com.br\/novoportal\/wp-json\/wp\/v2\/posts\/92872\/revisions"}],"predecessor-version":[{"id":92876,"href":"https:\/\/www.sudoestehoje.com.br\/novoportal\/wp-json\/wp\/v2\/posts\/92872\/revisions\/92876"}],"wp:featuredmedia":[{"embeddable":true,"href":"https:\/\/www.sudoestehoje.com.br\/novoportal\/wp-json\/wp\/v2\/media\/92873"}],"wp:attachment":[{"href":"https:\/\/www.sudoestehoje.com.br\/novoportal\/wp-json\/wp\/v2\/media?parent=92872"}],"wp:term":[{"taxonomy":"category","embeddable":true,"href":"https:\/\/www.sudoestehoje.com.br\/novoportal\/wp-json\/wp\/v2\/categories?post=92872"},{"taxonomy":"post_tag","embeddable":true,"href":"https:\/\/www.sudoestehoje.com.br\/novoportal\/wp-json\/wp\/v2\/tags?post=92872"}],"curies":[{"name":"wp","href":"https:\/\/api.w.org\/{rel}","templated":true}]}}