
{"id":92868,"date":"2021-01-30T23:20:57","date_gmt":"2021-01-31T02:20:57","guid":{"rendered":"https:\/\/www.sudoestehoje.com.br\/novoportal\/?p=92868"},"modified":"2021-01-30T23:20:57","modified_gmt":"2021-01-31T02:20:57","slug":"arena-castelao-em-fortaleza-e-atingida-por-incendio-neste-sabado","status":"publish","type":"post","link":"https:\/\/www.sudoestehoje.com.br\/novoportal\/2021\/01\/30\/arena-castelao-em-fortaleza-e-atingida-por-incendio-neste-sabado\/","title":{"rendered":"ARENA CASTEL\u00c3O, EM FORTALEZA, \u00c9 ATINGIDA POR INC\u00caNDIO NESTE S\u00c1BADO"},"content":{"rendered":"<p><a href=\"https:\/\/www.sudoestehoje.com.br\/novoportal\/wp-content\/uploads\/2021\/01\/arena-castelao-pega-fogo.jpg\"><img loading=\"lazy\" decoding=\"async\" class=\"aligncenter size-medium wp-image-92870\" src=\"https:\/\/www.sudoestehoje.com.br\/novoportal\/wp-content\/uploads\/2021\/01\/arena-castelao-pega-fogo-500x278.jpg\" alt=\"\" width=\"500\" height=\"278\" srcset=\"https:\/\/www.sudoestehoje.com.br\/novoportal\/wp-content\/uploads\/2021\/01\/arena-castelao-pega-fogo-500x278.jpg 500w, https:\/\/www.sudoestehoje.com.br\/novoportal\/wp-content\/uploads\/2021\/01\/arena-castelao-pega-fogo-700x389.jpg 700w, https:\/\/www.sudoestehoje.com.br\/novoportal\/wp-content\/uploads\/2021\/01\/arena-castelao-pega-fogo-768x427.jpg 768w, https:\/\/www.sudoestehoje.com.br\/novoportal\/wp-content\/uploads\/2021\/01\/arena-castelao-pega-fogo.jpg 984w\" sizes=\"auto, (max-width: 500px) 100vw, 500px\" \/><\/a><\/p>\n<p>A \u00e1rea interna da Arena Castel\u00e3o, em Fortaleza, foi atingida por um inc\u00eandio, na manh\u00e3 deste s\u00e1bado (30). O corpo de Bombeiros do Cear\u00e1 confirmou a ocorr\u00eancia e informou que duas guarni\u00e7\u00f5es trabalham no local para controlar o fogo.<\/p>\n<p>Ainda n\u00e3o se sabe os motivos do in\u00edcio das chamas e se h\u00e1 informa\u00e7\u00e3o de feridos. V\u00eddeos compartilhados nas redes sociais mostram uma forte fuma\u00e7a preta no local.<\/p>\n<p>O est\u00e1dio recebe neste s\u00e1bado (30) a primeira partida da final da S\u00e9rie D do Brasileir\u00e3o entre Floresta-CE e Mirassol-SP. Al\u00e9m da partida deste s\u00e1bado, a Arena Castel\u00e3o tamb\u00e9m receber\u00e1 o jogo entre Cear\u00e1 e Athl\u00e9tico Paranaense no domingo (31) pela 33\u00aa rodada da S\u00e9rie A do Campeonato Brasileiro. A CBF (Confedera\u00e7\u00e3o Brasileira de Futebol) ainda n\u00e3o se pronunciou sobre a realiza\u00e7\u00e3o das partidas.<\/p>\n","protected":false},"excerpt":{"rendered":"<p>A \u00e1rea interna da Arena Castel\u00e3o, em Fortaleza, foi atingida por um inc\u00eandio, na manh\u00e3 deste s\u00e1bado (30). O corpo de Bombeiros do Cear\u00e1 confirmou a ocorr\u00eancia e informou que duas guarni\u00e7\u00f5es trabalham no local para controlar o fogo. Ainda n\u00e3o se sabe os motivos do in\u00edcio das chamas e se h\u00e1 informa\u00e7\u00e3o de feridos. [&hellip;]<\/p>\n","protected":false},"author":2,"featured_media":92870,"comment_status":"open","ping_status":"open","sticky":false,"template":"","format":"standard","meta":{"footnotes":"","_links_to":"","_links_to_target":""},"categories":[1],"tags":[],"class_list":["post-92868","post","type-post","status-publish","format-standard","has-post-thumbnail","hentry","category-geral"],"views":841,"_links":{"self":[{"href":"https:\/\/www.sudoestehoje.com.br\/novoportal\/wp-json\/wp\/v2\/posts\/92868","targetHints":{"allow":["GET"]}}],"collection":[{"href":"https:\/\/www.sudoestehoje.com.br\/novoportal\/wp-json\/wp\/v2\/posts"}],"about":[{"href":"https:\/\/www.sudoestehoje.com.br\/novoportal\/wp-json\/wp\/v2\/types\/post"}],"author":[{"embeddable":true,"href":"https:\/\/www.sudoestehoje.com.br\/novoportal\/wp-json\/wp\/v2\/users\/2"}],"replies":[{"embeddable":true,"href":"https:\/\/www.sudoestehoje.com.br\/novoportal\/wp-json\/wp\/v2\/comments?post=92868"}],"version-history":[{"count":2,"href":"https:\/\/www.sudoestehoje.com.br\/novoportal\/wp-json\/wp\/v2\/posts\/92868\/revisions"}],"predecessor-version":[{"id":92871,"href":"https:\/\/www.sudoestehoje.com.br\/novoportal\/wp-json\/wp\/v2\/posts\/92868\/revisions\/92871"}],"wp:featuredmedia":[{"embeddable":true,"href":"https:\/\/www.sudoestehoje.com.br\/novoportal\/wp-json\/wp\/v2\/media\/92870"}],"wp:attachment":[{"href":"https:\/\/www.sudoestehoje.com.br\/novoportal\/wp-json\/wp\/v2\/media?parent=92868"}],"wp:term":[{"taxonomy":"category","embeddable":true,"href":"https:\/\/www.sudoestehoje.com.br\/novoportal\/wp-json\/wp\/v2\/categories?post=92868"},{"taxonomy":"post_tag","embeddable":true,"href":"https:\/\/www.sudoestehoje.com.br\/novoportal\/wp-json\/wp\/v2\/tags?post=92868"}],"curies":[{"name":"wp","href":"https:\/\/api.w.org\/{rel}","templated":true}]}}