
{"id":92864,"date":"2021-01-30T22:22:04","date_gmt":"2021-01-31T01:22:04","guid":{"rendered":"https:\/\/www.sudoestehoje.com.br\/novoportal\/?p=92864"},"modified":"2021-01-30T22:22:04","modified_gmt":"2021-01-31T01:22:04","slug":"conquista-herzem-posta-foto-nas-redes-e-demostra-estar-em-plena-recuperacao","status":"publish","type":"post","link":"https:\/\/www.sudoestehoje.com.br\/novoportal\/2021\/01\/30\/conquista-herzem-posta-foto-nas-redes-e-demostra-estar-em-plena-recuperacao\/","title":{"rendered":"CONQUISTA: HERZEM POSTA FOTO NAS REDES E DEMOSTRA ESTAR EM PLENA RECUPERA\u00c7\u00c3O"},"content":{"rendered":"<p><a href=\"https:\/\/www.sudoestehoje.com.br\/novoportal\/wp-content\/uploads\/2021\/01\/HERZEM-HOSPITAL.jpeg\"><img loading=\"lazy\" decoding=\"async\" class=\"aligncenter size-medium wp-image-92866\" src=\"https:\/\/www.sudoestehoje.com.br\/novoportal\/wp-content\/uploads\/2021\/01\/HERZEM-HOSPITAL-500x463.jpeg\" alt=\"\" width=\"500\" height=\"463\" srcset=\"https:\/\/www.sudoestehoje.com.br\/novoportal\/wp-content\/uploads\/2021\/01\/HERZEM-HOSPITAL-500x463.jpeg 500w, https:\/\/www.sudoestehoje.com.br\/novoportal\/wp-content\/uploads\/2021\/01\/HERZEM-HOSPITAL-700x648.jpeg 700w, https:\/\/www.sudoestehoje.com.br\/novoportal\/wp-content\/uploads\/2021\/01\/HERZEM-HOSPITAL-768x711.jpeg 768w, https:\/\/www.sudoestehoje.com.br\/novoportal\/wp-content\/uploads\/2021\/01\/HERZEM-HOSPITAL.jpeg 829w\" sizes=\"auto, (max-width: 500px) 100vw, 500px\" \/><\/a><\/p>\n<p>O prefeito de Vit\u00f3ria da Conquista, Herzem Gusm\u00e3o (MDB), postou uma foto nesta s\u00e1bado (30) sentado em uma poltrona no quarto em que est\u00e1 internado por causa da covid-19, no Hospital S\u00edrio Liban\u00eas, em S\u00e3o Paulo.<\/p>\n<p>Na postagem, o gestor &#8211; que tomou posse como prefeito remotamente por causa de seu quadro &#8211; agradee o apoio recebido e pede aos seus seguidores que orem por ele.<\/p>\n<p>&#8220;Agrade\u00e7o o grande apoio que recebo da fam\u00edlia, amigos e de muita gente em minha querida terra, e em especial aqueles que oram pela minha recupera\u00e7\u00e3o&#8221;, escreveu.<\/p>\n<p>Ainda na publica\u00e7\u00e3o, Herzem informa que est\u00e1 se recuperando e passa pelo processo de reabilita\u00e7\u00e3o pulmonar. &#8220;Tenho esperado com paci\u00eancia, que \u00e9 fundamental, e com muita F\u00e9 em Deus&#8221;, completa.<\/p>\n<p>Herzem Gusm\u00e3o anunciou que foi diagnosticado com covid-19 no dia 7 de dezembro do ano passado, e foi transferido para o hospital S\u00edrio Liban\u00eas no dia 26 do mesmo m\u00eas.<\/p>\n<p>A \u00faltima atualiza\u00e7\u00e3o de seu estado m\u00e9dico divulgado em suas redes mostra o prefeito internado na semi-uti do hospital.<\/p>\n","protected":false},"excerpt":{"rendered":"<p>O prefeito de Vit\u00f3ria da Conquista, Herzem Gusm\u00e3o (MDB), postou uma foto nesta s\u00e1bado (30) sentado em uma poltrona no quarto em que est\u00e1 internado por causa da covid-19, no Hospital S\u00edrio Liban\u00eas, em S\u00e3o Paulo. Na postagem, o gestor &#8211; que tomou posse como prefeito remotamente por causa de seu quadro &#8211; agradee o [&hellip;]<\/p>\n","protected":false},"author":2,"featured_media":92866,"comment_status":"open","ping_status":"open","sticky":false,"template":"","format":"standard","meta":{"footnotes":"","_links_to":"","_links_to_target":""},"categories":[1],"tags":[],"class_list":["post-92864","post","type-post","status-publish","format-standard","has-post-thumbnail","hentry","category-geral"],"views":1217,"_links":{"self":[{"href":"https:\/\/www.sudoestehoje.com.br\/novoportal\/wp-json\/wp\/v2\/posts\/92864","targetHints":{"allow":["GET"]}}],"collection":[{"href":"https:\/\/www.sudoestehoje.com.br\/novoportal\/wp-json\/wp\/v2\/posts"}],"about":[{"href":"https:\/\/www.sudoestehoje.com.br\/novoportal\/wp-json\/wp\/v2\/types\/post"}],"author":[{"embeddable":true,"href":"https:\/\/www.sudoestehoje.com.br\/novoportal\/wp-json\/wp\/v2\/users\/2"}],"replies":[{"embeddable":true,"href":"https:\/\/www.sudoestehoje.com.br\/novoportal\/wp-json\/wp\/v2\/comments?post=92864"}],"version-history":[{"count":2,"href":"https:\/\/www.sudoestehoje.com.br\/novoportal\/wp-json\/wp\/v2\/posts\/92864\/revisions"}],"predecessor-version":[{"id":92867,"href":"https:\/\/www.sudoestehoje.com.br\/novoportal\/wp-json\/wp\/v2\/posts\/92864\/revisions\/92867"}],"wp:featuredmedia":[{"embeddable":true,"href":"https:\/\/www.sudoestehoje.com.br\/novoportal\/wp-json\/wp\/v2\/media\/92866"}],"wp:attachment":[{"href":"https:\/\/www.sudoestehoje.com.br\/novoportal\/wp-json\/wp\/v2\/media?parent=92864"}],"wp:term":[{"taxonomy":"category","embeddable":true,"href":"https:\/\/www.sudoestehoje.com.br\/novoportal\/wp-json\/wp\/v2\/categories?post=92864"},{"taxonomy":"post_tag","embeddable":true,"href":"https:\/\/www.sudoestehoje.com.br\/novoportal\/wp-json\/wp\/v2\/tags?post=92864"}],"curies":[{"name":"wp","href":"https:\/\/api.w.org\/{rel}","templated":true}]}}