
{"id":92856,"date":"2021-01-29T23:32:38","date_gmt":"2021-01-30T02:32:38","guid":{"rendered":"https:\/\/www.sudoestehoje.com.br\/novoportal\/?p=92856"},"modified":"2021-01-29T23:32:38","modified_gmt":"2021-01-30T02:32:38","slug":"itapetinga-vereadores-apresentam-mais-de-60-proposicoes-em-janeiro","status":"publish","type":"post","link":"https:\/\/www.sudoestehoje.com.br\/novoportal\/2021\/01\/29\/itapetinga-vereadores-apresentam-mais-de-60-proposicoes-em-janeiro\/","title":{"rendered":"ITAPETINGA: VEREADORES APRESENTAM MAIS DE 60 PROPOSI\u00c7\u00d5ES EM JANEIRO"},"content":{"rendered":"<p><a href=\"https:\/\/www.sudoestehoje.com.br\/novoportal\/wp-content\/uploads\/2021\/01\/CAMARA-1-1-1.jpg\"><img loading=\"lazy\" decoding=\"async\" class=\"aligncenter size-full wp-image-92858\" src=\"https:\/\/www.sudoestehoje.com.br\/novoportal\/wp-content\/uploads\/2021\/01\/CAMARA-1-1-1.jpg\" alt=\"\" width=\"448\" height=\"264\" \/><\/a><\/p>\n<p>Mesmo em per\u00edodo de recesso parlamentar, a C\u00e2mara Municipal de Itapetinga mant\u00e9m os servi\u00e7os administrativos funcionando normalmente. Somente neste primeiro m\u00eas do ano, os vereadores j\u00e1 protocolaram mais de 60 proposi\u00e7\u00f5es na Secretaria Administrativa da Casa Legislativa.<\/p>\n<p>J\u00e1 foram apresentadas 55 indica\u00e7\u00f5es, cinco requerimentos, dois projetos de lei, um projeto de resolu\u00e7\u00e3o e tr\u00eas mo\u00e7\u00f5es. As mat\u00e9rias legislativas podem ser consultadas no Sistema de Apoio ao Processo Legislativo (SAPL), na p\u00e1gina oficial da C\u00e2mara na internet, no seguinte endere\u00e7o:<a href=\"http:\/\/CAMARA\"><span style=\"color: #0000ff;\"><strong> www.itapetinga.ba.leg.br<\/strong><\/span><\/a>.<\/p>\n<p>Para o presidente da C\u00e2mara de Vereadores, L\u00e9o Matos (PSD), o balan\u00e7o de janeiro \u00e9 positivo. \u201cIniciamos um novo ciclo a frente do Poder Legislativo. A nossa C\u00e2mara \u00e9 uma casa aberta ao di\u00e1logo, \u00e0s sugest\u00f5es e cr\u00edticas. Junto com os outros 14 vereadores, estamos construindo um Legislativo forte e atuante. Nesse primeiro m\u00eas, j\u00e1 adotamos novas medidas administrativas e fiscais, como a redu\u00e7\u00e3o de contratos. Esperamos contribuir com os nossos colegas e em parceria com o Poder Executivo para que Itapetinga siga avan\u00e7ando ainda mais\u201d, afirmou.<\/p>\n<p>A sess\u00e3o solene de abertura do ano deve acontecer no dia 17 de fevereiro. O evento marca o in\u00edcio oficial dos trabalhos legislativos em 2021.<\/p>\n","protected":false},"excerpt":{"rendered":"<p>Mesmo em per\u00edodo de recesso parlamentar, a C\u00e2mara Municipal de Itapetinga mant\u00e9m os servi\u00e7os administrativos funcionando normalmente. Somente neste primeiro m\u00eas do ano, os vereadores j\u00e1 protocolaram mais de 60 proposi\u00e7\u00f5es na Secretaria Administrativa da Casa Legislativa. J\u00e1 foram apresentadas 55 indica\u00e7\u00f5es, cinco requerimentos, dois projetos de lei, um projeto de resolu\u00e7\u00e3o e tr\u00eas mo\u00e7\u00f5es. [&hellip;]<\/p>\n","protected":false},"author":2,"featured_media":92858,"comment_status":"open","ping_status":"open","sticky":false,"template":"","format":"standard","meta":{"footnotes":"","_links_to":"","_links_to_target":""},"categories":[1],"tags":[],"class_list":["post-92856","post","type-post","status-publish","format-standard","has-post-thumbnail","hentry","category-geral"],"views":850,"_links":{"self":[{"href":"https:\/\/www.sudoestehoje.com.br\/novoportal\/wp-json\/wp\/v2\/posts\/92856","targetHints":{"allow":["GET"]}}],"collection":[{"href":"https:\/\/www.sudoestehoje.com.br\/novoportal\/wp-json\/wp\/v2\/posts"}],"about":[{"href":"https:\/\/www.sudoestehoje.com.br\/novoportal\/wp-json\/wp\/v2\/types\/post"}],"author":[{"embeddable":true,"href":"https:\/\/www.sudoestehoje.com.br\/novoportal\/wp-json\/wp\/v2\/users\/2"}],"replies":[{"embeddable":true,"href":"https:\/\/www.sudoestehoje.com.br\/novoportal\/wp-json\/wp\/v2\/comments?post=92856"}],"version-history":[{"count":2,"href":"https:\/\/www.sudoestehoje.com.br\/novoportal\/wp-json\/wp\/v2\/posts\/92856\/revisions"}],"predecessor-version":[{"id":92859,"href":"https:\/\/www.sudoestehoje.com.br\/novoportal\/wp-json\/wp\/v2\/posts\/92856\/revisions\/92859"}],"wp:featuredmedia":[{"embeddable":true,"href":"https:\/\/www.sudoestehoje.com.br\/novoportal\/wp-json\/wp\/v2\/media\/92858"}],"wp:attachment":[{"href":"https:\/\/www.sudoestehoje.com.br\/novoportal\/wp-json\/wp\/v2\/media?parent=92856"}],"wp:term":[{"taxonomy":"category","embeddable":true,"href":"https:\/\/www.sudoestehoje.com.br\/novoportal\/wp-json\/wp\/v2\/categories?post=92856"},{"taxonomy":"post_tag","embeddable":true,"href":"https:\/\/www.sudoestehoje.com.br\/novoportal\/wp-json\/wp\/v2\/tags?post=92856"}],"curies":[{"name":"wp","href":"https:\/\/api.w.org\/{rel}","templated":true}]}}