
{"id":92839,"date":"2021-01-28T09:19:36","date_gmt":"2021-01-28T12:19:36","guid":{"rendered":"https:\/\/www.sudoestehoje.com.br\/novoportal\/?p=92839"},"modified":"2021-01-28T09:21:55","modified_gmt":"2021-01-28T12:21:55","slug":"macarani-chega-a-738-de-utilizacao-das-doses-de-vacina-recebidas-segundo-sesab","status":"publish","type":"post","link":"https:\/\/www.sudoestehoje.com.br\/novoportal\/2021\/01\/28\/macarani-chega-a-738-de-utilizacao-das-doses-de-vacina-recebidas-segundo-sesab\/","title":{"rendered":"MACARANI CHEGA A 73,8% DE UTILIZA\u00c7\u00c3O DAS DOSES DE VACINA RECEBIDAS, SEGUNDO SESAB"},"content":{"rendered":"<p><a href=\"https:\/\/www.sudoestehoje.com.br\/novoportal\/wp-content\/uploads\/2021\/01\/macarani-1.jpeg\"><img loading=\"lazy\" decoding=\"async\" class=\"aligncenter size-medium wp-image-92841\" src=\"https:\/\/www.sudoestehoje.com.br\/novoportal\/wp-content\/uploads\/2021\/01\/macarani-1-500x281.jpeg\" alt=\"\" width=\"500\" height=\"281\" srcset=\"https:\/\/www.sudoestehoje.com.br\/novoportal\/wp-content\/uploads\/2021\/01\/macarani-1-500x281.jpeg 500w, https:\/\/www.sudoestehoje.com.br\/novoportal\/wp-content\/uploads\/2021\/01\/macarani-1-700x394.jpeg 700w, https:\/\/www.sudoestehoje.com.br\/novoportal\/wp-content\/uploads\/2021\/01\/macarani-1-768x432.jpeg 768w, https:\/\/www.sudoestehoje.com.br\/novoportal\/wp-content\/uploads\/2021\/01\/macarani-1.jpeg 1280w\" sizes=\"auto, (max-width: 500px) 100vw, 500px\" \/><\/a><\/p>\n<p>A cidade de Macarani j\u00e1 aplicou 73,8 das doses de vacina contra Covid-19 destinadas ao munic\u00edpio, pelo Minist\u00e9rio da Sa\u00fade, entregues a partir do dia 18 de janeiro, pela Sesab.<\/p>\n<p>Foram destinadas ao munic\u00edpio um total de 130 doses (Coronavac e Oxford), tendo sido aplicadas, at\u00e9 esta quarta-feira (27), 96 doses, em pessoal ligado \u00e0 \u00e1rea da sa\u00fade, diretamente envolvido no combate \u00e0 pandemia.<\/p>\n<p>De acordo com informa\u00e7\u00f5es colhidas pelo Sudoeste Hoje, o excedente ser\u00e1 aplicado em idosos acima de 75 anos, residentes em abrigo, se houver disponibilidade. \u00a0Veja detalhes no painel<strong>\u00a0<a href=\"https:\/\/bi.saude.ba.gov.br\/vacinacao\/\">https:\/\/bi.saude.ba.gov.br\/vacinacao\/<\/a><\/strong><\/p>\n<p><strong><em>Por Davi Ferraz<\/em><\/strong><\/p>\n<p>&nbsp;<\/p>\n","protected":false},"excerpt":{"rendered":"<p>A cidade de Macarani j\u00e1 aplicou 73,8 das doses de vacina contra Covid-19 destinadas ao munic\u00edpio, pelo Minist\u00e9rio da Sa\u00fade, entregues a partir do dia 18 de janeiro, pela Sesab. Foram destinadas ao munic\u00edpio um total de 130 doses (Coronavac e Oxford), tendo sido aplicadas, at\u00e9 esta quarta-feira (27), 96 doses, em pessoal ligado \u00e0 [&hellip;]<\/p>\n","protected":false},"author":2,"featured_media":92841,"comment_status":"open","ping_status":"open","sticky":false,"template":"","format":"standard","meta":{"footnotes":"","_links_to":"","_links_to_target":""},"categories":[1],"tags":[],"class_list":["post-92839","post","type-post","status-publish","format-standard","has-post-thumbnail","hentry","category-geral"],"views":1349,"_links":{"self":[{"href":"https:\/\/www.sudoestehoje.com.br\/novoportal\/wp-json\/wp\/v2\/posts\/92839","targetHints":{"allow":["GET"]}}],"collection":[{"href":"https:\/\/www.sudoestehoje.com.br\/novoportal\/wp-json\/wp\/v2\/posts"}],"about":[{"href":"https:\/\/www.sudoestehoje.com.br\/novoportal\/wp-json\/wp\/v2\/types\/post"}],"author":[{"embeddable":true,"href":"https:\/\/www.sudoestehoje.com.br\/novoportal\/wp-json\/wp\/v2\/users\/2"}],"replies":[{"embeddable":true,"href":"https:\/\/www.sudoestehoje.com.br\/novoportal\/wp-json\/wp\/v2\/comments?post=92839"}],"version-history":[{"count":3,"href":"https:\/\/www.sudoestehoje.com.br\/novoportal\/wp-json\/wp\/v2\/posts\/92839\/revisions"}],"predecessor-version":[{"id":92843,"href":"https:\/\/www.sudoestehoje.com.br\/novoportal\/wp-json\/wp\/v2\/posts\/92839\/revisions\/92843"}],"wp:featuredmedia":[{"embeddable":true,"href":"https:\/\/www.sudoestehoje.com.br\/novoportal\/wp-json\/wp\/v2\/media\/92841"}],"wp:attachment":[{"href":"https:\/\/www.sudoestehoje.com.br\/novoportal\/wp-json\/wp\/v2\/media?parent=92839"}],"wp:term":[{"taxonomy":"category","embeddable":true,"href":"https:\/\/www.sudoestehoje.com.br\/novoportal\/wp-json\/wp\/v2\/categories?post=92839"},{"taxonomy":"post_tag","embeddable":true,"href":"https:\/\/www.sudoestehoje.com.br\/novoportal\/wp-json\/wp\/v2\/tags?post=92839"}],"curies":[{"name":"wp","href":"https:\/\/api.w.org\/{rel}","templated":true}]}}