
{"id":92828,"date":"2021-01-27T22:27:57","date_gmt":"2021-01-28T01:27:57","guid":{"rendered":"https:\/\/www.sudoestehoje.com.br\/novoportal\/?p=92828"},"modified":"2021-01-27T22:27:57","modified_gmt":"2021-01-28T01:27:57","slug":"municipio-de-caatiba-aplicou-417-das-doses-de-vacina-recebidas-diz-sesab","status":"publish","type":"post","link":"https:\/\/www.sudoestehoje.com.br\/novoportal\/2021\/01\/27\/municipio-de-caatiba-aplicou-417-das-doses-de-vacina-recebidas-diz-sesab\/","title":{"rendered":"MUNIC\u00cdPIO DE CAATIBA APLICOU 41,7% DAS DOSES DE VACINA RECEBIDAS, DIZ SESAB"},"content":{"rendered":"<p><a href=\"https:\/\/www.sudoestehoje.com.br\/novoportal\/wp-content\/uploads\/2021\/01\/n_caatiba-ba-vista-parcial-fotomarcel-brito-3a.jpg\"><img loading=\"lazy\" decoding=\"async\" class=\"aligncenter size-medium wp-image-92830\" src=\"https:\/\/www.sudoestehoje.com.br\/novoportal\/wp-content\/uploads\/2021\/01\/n_caatiba-ba-vista-parcial-fotomarcel-brito-3a-500x250.jpg\" alt=\"\" width=\"500\" height=\"250\" srcset=\"https:\/\/www.sudoestehoje.com.br\/novoportal\/wp-content\/uploads\/2021\/01\/n_caatiba-ba-vista-parcial-fotomarcel-brito-3a-500x250.jpg 500w, https:\/\/www.sudoestehoje.com.br\/novoportal\/wp-content\/uploads\/2021\/01\/n_caatiba-ba-vista-parcial-fotomarcel-brito-3a.jpg 600w\" sizes=\"auto, (max-width: 500px) 100vw, 500px\" \/><\/a><\/p>\n<p>O munic\u00edpio de Caatiba, no M\u00e9dio Sudoeste, j\u00e1 aplicou 41% das doses de vacinas distribu\u00eddas pelo governo federal a partir da semana passada, a todos os munic\u00edpios do Brasil.<\/p>\n<p>Das 115 doses recebidas, a Secretaria de Sa\u00fade de Caatiba j\u00e1 utilizou 48 doses, que foram aplicadas em servidores ligados ao combate \u00e0 pandemia, como recomenda o protocolo.<\/p>\n<p>Metade das doses da Coronavac foram reservadas em Salvador, para aplica\u00e7\u00e3o do refor\u00e7o, em data posterior. \u00a0Veja detalhes no painel<strong>\u00a0<span style=\"color: #0000ff;\"><a style=\"color: #0000ff;\" href=\"https:\/\/bi.saude.ba.gov.br\/vacinacao\/\">https:\/\/bi.saude.ba.gov.br\/vacinacao\/<\/a><\/span><\/strong><span style=\"color: #0000ff;\">\u00a0<\/span><\/p>\n<p><strong><em>Por Davi Ferraz<\/em><\/strong><\/p>\n","protected":false},"excerpt":{"rendered":"<p>O munic\u00edpio de Caatiba, no M\u00e9dio Sudoeste, j\u00e1 aplicou 41% das doses de vacinas distribu\u00eddas pelo governo federal a partir da semana passada, a todos os munic\u00edpios do Brasil. Das 115 doses recebidas, a Secretaria de Sa\u00fade de Caatiba j\u00e1 utilizou 48 doses, que foram aplicadas em servidores ligados ao combate \u00e0 pandemia, como recomenda [&hellip;]<\/p>\n","protected":false},"author":2,"featured_media":92830,"comment_status":"open","ping_status":"open","sticky":false,"template":"","format":"standard","meta":{"footnotes":"","_links_to":"","_links_to_target":""},"categories":[1],"tags":[],"class_list":["post-92828","post","type-post","status-publish","format-standard","has-post-thumbnail","hentry","category-geral"],"views":889,"_links":{"self":[{"href":"https:\/\/www.sudoestehoje.com.br\/novoportal\/wp-json\/wp\/v2\/posts\/92828","targetHints":{"allow":["GET"]}}],"collection":[{"href":"https:\/\/www.sudoestehoje.com.br\/novoportal\/wp-json\/wp\/v2\/posts"}],"about":[{"href":"https:\/\/www.sudoestehoje.com.br\/novoportal\/wp-json\/wp\/v2\/types\/post"}],"author":[{"embeddable":true,"href":"https:\/\/www.sudoestehoje.com.br\/novoportal\/wp-json\/wp\/v2\/users\/2"}],"replies":[{"embeddable":true,"href":"https:\/\/www.sudoestehoje.com.br\/novoportal\/wp-json\/wp\/v2\/comments?post=92828"}],"version-history":[{"count":3,"href":"https:\/\/www.sudoestehoje.com.br\/novoportal\/wp-json\/wp\/v2\/posts\/92828\/revisions"}],"predecessor-version":[{"id":92832,"href":"https:\/\/www.sudoestehoje.com.br\/novoportal\/wp-json\/wp\/v2\/posts\/92828\/revisions\/92832"}],"wp:featuredmedia":[{"embeddable":true,"href":"https:\/\/www.sudoestehoje.com.br\/novoportal\/wp-json\/wp\/v2\/media\/92830"}],"wp:attachment":[{"href":"https:\/\/www.sudoestehoje.com.br\/novoportal\/wp-json\/wp\/v2\/media?parent=92828"}],"wp:term":[{"taxonomy":"category","embeddable":true,"href":"https:\/\/www.sudoestehoje.com.br\/novoportal\/wp-json\/wp\/v2\/categories?post=92828"},{"taxonomy":"post_tag","embeddable":true,"href":"https:\/\/www.sudoestehoje.com.br\/novoportal\/wp-json\/wp\/v2\/tags?post=92828"}],"curies":[{"name":"wp","href":"https:\/\/api.w.org\/{rel}","templated":true}]}}