
{"id":92812,"date":"2021-01-27T18:44:18","date_gmt":"2021-01-27T21:44:18","guid":{"rendered":"https:\/\/www.sudoestehoje.com.br\/novoportal\/?p=92812"},"modified":"2021-01-27T18:48:02","modified_gmt":"2021-01-27T21:48:02","slug":"itapetinga-corpo-encontrado-em-fazenda-e-de-robertinho-neto-de-clodoaldo-costa","status":"publish","type":"post","link":"https:\/\/www.sudoestehoje.com.br\/novoportal\/2021\/01\/27\/itapetinga-corpo-encontrado-em-fazenda-e-de-robertinho-neto-de-clodoaldo-costa\/","title":{"rendered":"ITAPETINGA: CORPO ENCONTRADO EM FAZENDA \u00c9 DE ROBERTINHO, NETO DE CLODOALDO COSTA"},"content":{"rendered":"<p><a href=\"https:\/\/www.sudoestehoje.com.br\/novoportal\/wp-content\/uploads\/2021\/01\/robertinho-costa.jpg\"><img loading=\"lazy\" decoding=\"async\" class=\"aligncenter wp-image-92813\" src=\"https:\/\/www.sudoestehoje.com.br\/novoportal\/wp-content\/uploads\/2021\/01\/robertinho-costa.jpg\" alt=\"\" width=\"500\" height=\"500\" srcset=\"https:\/\/www.sudoestehoje.com.br\/novoportal\/wp-content\/uploads\/2021\/01\/robertinho-costa.jpg 320w, https:\/\/www.sudoestehoje.com.br\/novoportal\/wp-content\/uploads\/2021\/01\/robertinho-costa-150x150.jpg 150w\" sizes=\"auto, (max-width: 500px) 100vw, 500px\" \/><\/a><\/p>\n<p>Foi encontrado na tarde desta quarta-feira (27), em uma fazenda pr\u00f3xima da zona urbana de Itapetinga, o corpo de um homem identificado como Roberto Oliveira Costa, de 45 anos, que estava desaparecido h\u00e1 cerca de um m\u00eas.<\/p>\n<p>O <em>Sudoeste Hoje<\/em> teve acesso aos documentos encontrados com a v\u00edtima e imediatamente identificou que se trata de Robertinho, filho do ex-advogado Roberto Costa (<em>in memoria<\/em>) e <strong>neto do ex-vereador, deputado estadual e deputado federal Clodoaldo Costa<\/strong>, figura importante e representativa na hist\u00f3ria de Itapetinga.<\/p>\n<p>De acordo com a Pol\u00edcia Civil, o corpo encontrado j\u00e1 estava em decomposi\u00e7\u00e3o e ser\u00e1 periciado pela Policia T\u00e9cnica, para identificar a <em>causa mortis.<\/em><\/p>\n<p><strong><em>Por Davi Ferraz<\/em><\/strong><\/p>\n","protected":false},"excerpt":{"rendered":"<p>Foi encontrado na tarde desta quarta-feira (27), em uma fazenda pr\u00f3xima da zona urbana de Itapetinga, o corpo de um homem identificado como Roberto Oliveira Costa, de 45 anos, que estava desaparecido h\u00e1 cerca de um m\u00eas. O Sudoeste Hoje teve acesso aos documentos encontrados com a v\u00edtima e imediatamente identificou que se trata de [&hellip;]<\/p>\n","protected":false},"author":2,"featured_media":92813,"comment_status":"open","ping_status":"open","sticky":false,"template":"","format":"standard","meta":{"footnotes":"","_links_to":"","_links_to_target":""},"categories":[1],"tags":[],"class_list":["post-92812","post","type-post","status-publish","format-standard","has-post-thumbnail","hentry","category-geral"],"views":1727,"_links":{"self":[{"href":"https:\/\/www.sudoestehoje.com.br\/novoportal\/wp-json\/wp\/v2\/posts\/92812","targetHints":{"allow":["GET"]}}],"collection":[{"href":"https:\/\/www.sudoestehoje.com.br\/novoportal\/wp-json\/wp\/v2\/posts"}],"about":[{"href":"https:\/\/www.sudoestehoje.com.br\/novoportal\/wp-json\/wp\/v2\/types\/post"}],"author":[{"embeddable":true,"href":"https:\/\/www.sudoestehoje.com.br\/novoportal\/wp-json\/wp\/v2\/users\/2"}],"replies":[{"embeddable":true,"href":"https:\/\/www.sudoestehoje.com.br\/novoportal\/wp-json\/wp\/v2\/comments?post=92812"}],"version-history":[{"count":2,"href":"https:\/\/www.sudoestehoje.com.br\/novoportal\/wp-json\/wp\/v2\/posts\/92812\/revisions"}],"predecessor-version":[{"id":92815,"href":"https:\/\/www.sudoestehoje.com.br\/novoportal\/wp-json\/wp\/v2\/posts\/92812\/revisions\/92815"}],"wp:featuredmedia":[{"embeddable":true,"href":"https:\/\/www.sudoestehoje.com.br\/novoportal\/wp-json\/wp\/v2\/media\/92813"}],"wp:attachment":[{"href":"https:\/\/www.sudoestehoje.com.br\/novoportal\/wp-json\/wp\/v2\/media?parent=92812"}],"wp:term":[{"taxonomy":"category","embeddable":true,"href":"https:\/\/www.sudoestehoje.com.br\/novoportal\/wp-json\/wp\/v2\/categories?post=92812"},{"taxonomy":"post_tag","embeddable":true,"href":"https:\/\/www.sudoestehoje.com.br\/novoportal\/wp-json\/wp\/v2\/tags?post=92812"}],"curies":[{"name":"wp","href":"https:\/\/api.w.org\/{rel}","templated":true}]}}