
{"id":92805,"date":"2021-01-27T10:09:25","date_gmt":"2021-01-27T13:09:25","guid":{"rendered":"https:\/\/www.sudoestehoje.com.br\/novoportal\/?p=92805"},"modified":"2021-01-27T10:51:43","modified_gmt":"2021-01-27T13:51:43","slug":"prefeituras-de-itarantim-e-firmino-alves-ainda-nao-vacinaram-ninguem-diz-sesab","status":"publish","type":"post","link":"https:\/\/www.sudoestehoje.com.br\/novoportal\/2021\/01\/27\/prefeituras-de-itarantim-e-firmino-alves-ainda-nao-vacinaram-ninguem-diz-sesab\/","title":{"rendered":"PREFEITURAS DE ITARANTIM E FIRMINO ALVES AINDA N\u00c3O VACINARAM NINGU\u00c9M, DIZ SESAB"},"content":{"rendered":"<p><a href=\"https:\/\/www.sudoestehoje.com.br\/novoportal\/wp-content\/uploads\/2021\/01\/concurso-da-Prefeitura-de-Itarantim.jpg\"><img loading=\"lazy\" decoding=\"async\" class=\"aligncenter size-medium wp-image-92808\" src=\"https:\/\/www.sudoestehoje.com.br\/novoportal\/wp-content\/uploads\/2021\/01\/concurso-da-Prefeitura-de-Itarantim-500x318.jpg\" alt=\"\" width=\"500\" height=\"318\" srcset=\"https:\/\/www.sudoestehoje.com.br\/novoportal\/wp-content\/uploads\/2021\/01\/concurso-da-Prefeitura-de-Itarantim-500x318.jpg 500w, https:\/\/www.sudoestehoje.com.br\/novoportal\/wp-content\/uploads\/2021\/01\/concurso-da-Prefeitura-de-Itarantim-700x445.jpg 700w, https:\/\/www.sudoestehoje.com.br\/novoportal\/wp-content\/uploads\/2021\/01\/concurso-da-Prefeitura-de-Itarantim-768x488.jpg 768w, https:\/\/www.sudoestehoje.com.br\/novoportal\/wp-content\/uploads\/2021\/01\/concurso-da-Prefeitura-de-Itarantim.jpg 960w\" sizes=\"auto, (max-width: 500px) 100vw, 500px\" \/><\/a><\/p>\n<p>A vacina\u00e7\u00e3o de idosos que vivem em asilos, profissionais da linha de frente e popula\u00e7\u00e3o ind\u00edgena segue ritmo bastante diferente em cada um dos 417 munic\u00edpios da Bahia. De acordo com dados da Secret\u00e1ria de Sa\u00fade do Estado (Sesab), <strong>cinco cidades n\u00e3o vacinaram ningu\u00e9m<\/strong> at\u00e9 \u00e0s 15h40 desta ter\u00e7a-feira (26).<\/p>\n<p>As cidades de Belo Campo, <strong>Firmino Alves, Itarantim<\/strong>, Planaltino e Rafael Jambeiro n\u00e3o contabilizam nenhuma pessoa imunizada. A situa\u00e7\u00e3o \u00e9 bem pr\u00f3xima de<strong> Pau Brasil<\/strong>, onde apenas 20 pessoas tomaram a primeira dose do f\u00e1rmaco contra o Sars-Cov-2. Apesar disso, a prefeitura recebeu <strong>1.798<\/strong> ampolas com o imunizante da CoronaVac.<\/p>\n<p>Do outro lado da tabela, 94 munic\u00edpios j\u00e1 usaram todo estoque recebido na primeira leva distribu\u00edda pelo Minist\u00e9rio da Sa\u00fade. <strong><em>\/\/Pol\u00edtica Livre<\/em><\/strong><\/p>\n","protected":false},"excerpt":{"rendered":"<p>A vacina\u00e7\u00e3o de idosos que vivem em asilos, profissionais da linha de frente e popula\u00e7\u00e3o ind\u00edgena segue ritmo bastante diferente em cada um dos 417 munic\u00edpios da Bahia. De acordo com dados da Secret\u00e1ria de Sa\u00fade do Estado (Sesab), cinco cidades n\u00e3o vacinaram ningu\u00e9m at\u00e9 \u00e0s 15h40 desta ter\u00e7a-feira (26). As cidades de Belo Campo, [&hellip;]<\/p>\n","protected":false},"author":2,"featured_media":92808,"comment_status":"open","ping_status":"open","sticky":false,"template":"","format":"standard","meta":{"footnotes":"","_links_to":"","_links_to_target":""},"categories":[1],"tags":[],"class_list":["post-92805","post","type-post","status-publish","format-standard","has-post-thumbnail","hentry","category-geral"],"views":975,"_links":{"self":[{"href":"https:\/\/www.sudoestehoje.com.br\/novoportal\/wp-json\/wp\/v2\/posts\/92805","targetHints":{"allow":["GET"]}}],"collection":[{"href":"https:\/\/www.sudoestehoje.com.br\/novoportal\/wp-json\/wp\/v2\/posts"}],"about":[{"href":"https:\/\/www.sudoestehoje.com.br\/novoportal\/wp-json\/wp\/v2\/types\/post"}],"author":[{"embeddable":true,"href":"https:\/\/www.sudoestehoje.com.br\/novoportal\/wp-json\/wp\/v2\/users\/2"}],"replies":[{"embeddable":true,"href":"https:\/\/www.sudoestehoje.com.br\/novoportal\/wp-json\/wp\/v2\/comments?post=92805"}],"version-history":[{"count":5,"href":"https:\/\/www.sudoestehoje.com.br\/novoportal\/wp-json\/wp\/v2\/posts\/92805\/revisions"}],"predecessor-version":[{"id":92811,"href":"https:\/\/www.sudoestehoje.com.br\/novoportal\/wp-json\/wp\/v2\/posts\/92805\/revisions\/92811"}],"wp:featuredmedia":[{"embeddable":true,"href":"https:\/\/www.sudoestehoje.com.br\/novoportal\/wp-json\/wp\/v2\/media\/92808"}],"wp:attachment":[{"href":"https:\/\/www.sudoestehoje.com.br\/novoportal\/wp-json\/wp\/v2\/media?parent=92805"}],"wp:term":[{"taxonomy":"category","embeddable":true,"href":"https:\/\/www.sudoestehoje.com.br\/novoportal\/wp-json\/wp\/v2\/categories?post=92805"},{"taxonomy":"post_tag","embeddable":true,"href":"https:\/\/www.sudoestehoje.com.br\/novoportal\/wp-json\/wp\/v2\/tags?post=92805"}],"curies":[{"name":"wp","href":"https:\/\/api.w.org\/{rel}","templated":true}]}}