
{"id":92801,"date":"2021-01-27T08:48:58","date_gmt":"2021-01-27T11:48:58","guid":{"rendered":"https:\/\/www.sudoestehoje.com.br\/novoportal\/?p=92801"},"modified":"2021-01-27T08:51:30","modified_gmt":"2021-01-27T11:51:30","slug":"governo-proibe-entrada-de-estrangeiros-no-pais-por-terra-e-por-agua","status":"publish","type":"post","link":"https:\/\/www.sudoestehoje.com.br\/novoportal\/2021\/01\/27\/governo-proibe-entrada-de-estrangeiros-no-pais-por-terra-e-por-agua\/","title":{"rendered":"GOVERNO PRO\u00cdBE ENTRADA DE ESTRANGEIROS NO PA\u00cdS POR TERRA E POR \u00c1GUA"},"content":{"rendered":"<p><a href=\"https:\/\/www.sudoestehoje.com.br\/novoportal\/wp-content\/uploads\/2021\/01\/ENTRADA-ESTRANG.jpg\"><img loading=\"lazy\" decoding=\"async\" class=\"aligncenter size-medium wp-image-92802\" src=\"https:\/\/www.sudoestehoje.com.br\/novoportal\/wp-content\/uploads\/2021\/01\/ENTRADA-ESTRANG-500x299.jpg\" alt=\"\" width=\"500\" height=\"299\" srcset=\"https:\/\/www.sudoestehoje.com.br\/novoportal\/wp-content\/uploads\/2021\/01\/ENTRADA-ESTRANG-500x299.jpg 500w, https:\/\/www.sudoestehoje.com.br\/novoportal\/wp-content\/uploads\/2021\/01\/ENTRADA-ESTRANG-700x419.jpg 700w, https:\/\/www.sudoestehoje.com.br\/novoportal\/wp-content\/uploads\/2021\/01\/ENTRADA-ESTRANG-768x459.jpg 768w, https:\/\/www.sudoestehoje.com.br\/novoportal\/wp-content\/uploads\/2021\/01\/ENTRADA-ESTRANG.jpg 1170w\" sizes=\"auto, (max-width: 500px) 100vw, 500px\" \/><\/a><\/p>\n<p>A Presid\u00eancia da Rep\u00fablica publicou\u00a0nesta ter\u00e7a-feira uma portaria restringindo a entrada de estrangeiros no pa\u00eds por terra e por \u00e1gua. A restri\u00e7\u00e3o vale para todas as nacionalidades, conforme recomenda\u00e7\u00e3o da Ag\u00eancia Nacional de Vigil\u00e2ncia Sanit\u00e1ria (Anvisa). Para ado\u00e7\u00e3o da medida, o governo brasileiro considerou o surgimento de variantes do novo coronav\u00edrus no Reino Unido, Irlanda do Norte e na \u00c1frica do Sul.<\/p>\n<p>\u201cConsiderando o impacto epidemiol\u00f3gico que a nova variante do coronav\u00edrus, identificada no Reino Unido e na Rep\u00fablica da \u00c1frica do Sul, pode causar no cen\u00e1rio atual vivenciado no Pa\u00eds [\u2026] Fica restringida a entrada no Pa\u00eds de estrangeiros de qualquer nacionalidade, por rodovias, por outros meios terrestres ou por transporte aquavi\u00e1rio\u201d,\u00a0diz um trecho da\u00a0portaria.<\/p>\n<p>Segundo a Organiza\u00e7\u00e3o Mundial de Sa\u00fade (OMS), o n\u00famero de pa\u00edses e territ\u00f3rios onde j\u00e1 foi detectada a variante brit\u00e2nica pode passar de 50 e a variante identificada na \u00c1frica do Sul surgiu em 20, mas a organiza\u00e7\u00e3o considera que esta avalia\u00e7\u00e3o pode estar subestimada.<\/p>\n<p>Existem exce\u00e7\u00f5es, como no caso de imigrante com resid\u00eancia fixa no Brasil; c\u00f4njuge, companheiro, filho, pai ou curador de brasileiro e estrangeiro a servi\u00e7o de organismo internacional, residentes fronteiri\u00e7os de cidades-g\u00eameas. Essas exce\u00e7\u00f5es n\u00e3o se aplicam aos venezuelanos.<\/p>\n<div id=\"rds-form-artigo\">\n<div id=\"assine-nossa-newsletter-a91bfb95c4dc6e8064ac\" role=\"main\"><strong>Aeroportos<\/strong><\/div>\n<\/div>\n<p>A chegada de estrangeiros pelos aeroportos n\u00e3o est\u00e1 proibida, salvo de voos que tenham origem ou passagem pelo Reino Unido, Irlanda do Norte e \u00c1frica do Sul. Para o caso de voos vindos de outros pa\u00edses, dever\u00e3o ser cumpridos os requisitos migrat\u00f3rios.<\/p>\n<p>O estrangeiro que quiser vir de avi\u00e3o para o Brasil dever\u00e1 apresentar documento provando a realiza\u00e7\u00e3o de teste RT-PCR realizado em at\u00e9 72 horas antes do embarque, com resultado negativo ou n\u00e3o-reagente.<\/p>\n<p>Aqueles que descumprirem o disposto na portaria ser\u00e3o repatriados ou deportados imediatamente, al\u00e9m de ser responsabilizados civil e penalmente. A portaria foi assinada pelos ministros Braga Netto, da Casa Civil; Andr\u00e9 Mendon\u00e7a, da Justi\u00e7a e Seguran\u00e7a P\u00fablica; e Eduardo Pazuello, da Sa\u00fade.<\/p>\n","protected":false},"excerpt":{"rendered":"<p>A Presid\u00eancia da Rep\u00fablica publicou\u00a0nesta ter\u00e7a-feira uma portaria restringindo a entrada de estrangeiros no pa\u00eds por terra e por \u00e1gua. A restri\u00e7\u00e3o vale para todas as nacionalidades, conforme recomenda\u00e7\u00e3o da Ag\u00eancia Nacional de Vigil\u00e2ncia Sanit\u00e1ria (Anvisa). Para ado\u00e7\u00e3o da medida, o governo brasileiro considerou o surgimento de variantes do novo coronav\u00edrus no Reino Unido, Irlanda [&hellip;]<\/p>\n","protected":false},"author":2,"featured_media":92802,"comment_status":"open","ping_status":"open","sticky":false,"template":"","format":"standard","meta":{"footnotes":"","_links_to":"","_links_to_target":""},"categories":[1],"tags":[],"class_list":["post-92801","post","type-post","status-publish","format-standard","has-post-thumbnail","hentry","category-geral"],"views":947,"_links":{"self":[{"href":"https:\/\/www.sudoestehoje.com.br\/novoportal\/wp-json\/wp\/v2\/posts\/92801","targetHints":{"allow":["GET"]}}],"collection":[{"href":"https:\/\/www.sudoestehoje.com.br\/novoportal\/wp-json\/wp\/v2\/posts"}],"about":[{"href":"https:\/\/www.sudoestehoje.com.br\/novoportal\/wp-json\/wp\/v2\/types\/post"}],"author":[{"embeddable":true,"href":"https:\/\/www.sudoestehoje.com.br\/novoportal\/wp-json\/wp\/v2\/users\/2"}],"replies":[{"embeddable":true,"href":"https:\/\/www.sudoestehoje.com.br\/novoportal\/wp-json\/wp\/v2\/comments?post=92801"}],"version-history":[{"count":2,"href":"https:\/\/www.sudoestehoje.com.br\/novoportal\/wp-json\/wp\/v2\/posts\/92801\/revisions"}],"predecessor-version":[{"id":92804,"href":"https:\/\/www.sudoestehoje.com.br\/novoportal\/wp-json\/wp\/v2\/posts\/92801\/revisions\/92804"}],"wp:featuredmedia":[{"embeddable":true,"href":"https:\/\/www.sudoestehoje.com.br\/novoportal\/wp-json\/wp\/v2\/media\/92802"}],"wp:attachment":[{"href":"https:\/\/www.sudoestehoje.com.br\/novoportal\/wp-json\/wp\/v2\/media?parent=92801"}],"wp:term":[{"taxonomy":"category","embeddable":true,"href":"https:\/\/www.sudoestehoje.com.br\/novoportal\/wp-json\/wp\/v2\/categories?post=92801"},{"taxonomy":"post_tag","embeddable":true,"href":"https:\/\/www.sudoestehoje.com.br\/novoportal\/wp-json\/wp\/v2\/tags?post=92801"}],"curies":[{"name":"wp","href":"https:\/\/api.w.org\/{rel}","templated":true}]}}