
{"id":92797,"date":"2021-01-26T21:08:58","date_gmt":"2021-01-27T00:08:58","guid":{"rendered":"https:\/\/www.sudoestehoje.com.br\/novoportal\/?p=92797"},"modified":"2021-01-26T21:20:53","modified_gmt":"2021-01-27T00:20:53","slug":"enfermeira-e-demitida-apos-dizer-que-vacina-contra-covid-19-e-igual-e-agua","status":"publish","type":"post","link":"https:\/\/www.sudoestehoje.com.br\/novoportal\/2021\/01\/26\/enfermeira-e-demitida-apos-dizer-que-vacina-contra-covid-19-e-igual-e-agua\/","title":{"rendered":"ENFERMEIRA \u00c9 DEMITIDA AP\u00d3S DIZER QUE VACINA CONTRA COVID-19 \u00c9 &#8220;IGUAL E \u00c1GUA&#8221;"},"content":{"rendered":"<p><a href=\"https:\/\/www.sudoestehoje.com.br\/novoportal\/wp-content\/uploads\/2021\/01\/enfermeira-do-es-grava-video-sobre-vacina-405651-article-550x309-1.jpg\"><img loading=\"lazy\" decoding=\"async\" class=\"aligncenter size-medium wp-image-92799\" src=\"https:\/\/www.sudoestehoje.com.br\/novoportal\/wp-content\/uploads\/2021\/01\/enfermeira-do-es-grava-video-sobre-vacina-405651-article-550x309-1-500x281.jpg\" alt=\"\" width=\"500\" height=\"281\" srcset=\"https:\/\/www.sudoestehoje.com.br\/novoportal\/wp-content\/uploads\/2021\/01\/enfermeira-do-es-grava-video-sobre-vacina-405651-article-550x309-1-500x281.jpg 500w, https:\/\/www.sudoestehoje.com.br\/novoportal\/wp-content\/uploads\/2021\/01\/enfermeira-do-es-grava-video-sobre-vacina-405651-article-550x309-1.jpg 550w\" sizes=\"auto, (max-width: 500px) 100vw, 500px\" \/><\/a><\/p>\n<p>A Santa Casa de Miseric\u00f3rdia de Vit\u00f3ria demitiu a enfermeira Nathana Faria Ceschim do quadro de funcion\u00e1rios. A profissional da Sa\u00fade usou as redes sociais para desfazer da CoronaVac, vacina contra a Covid-19.<\/p>\n<p>Em nota, a Santa Casa confirmou que Nathana foi demitida e disse que reafirma \u201ca postura clara e irrestrita com rela\u00e7\u00e3o \u00e0 import\u00e2ncia da vacina como \u00fanica solu\u00e7\u00e3o poss\u00edvel para conter o avan\u00e7o dos novos casos de coronav\u00edrus\u201d.<\/p>\n<p>\u201cA Santa Casa de Vit\u00f3ria informa que est\u00e1 seguindo o calend\u00e1rio de vacina\u00e7\u00e3o da Prefeitura de Vit\u00f3ria, imunizando seus profissionais que atuam na linha de frente de acordo com as prioridades estabelecidas pelo Plano Nacional de Vacina\u00e7\u00e3o\u201d.<\/p>\n<p>Em \u00e1udio encaminhado ao jornal A Gazeta, a enfermeira disse que exerceu o direito de liberdade de express\u00e3o e que n\u00e3o fez campanha contra a vacina.<\/p>\n<p>\u201cOs meus v\u00eddeos foram apenas exercendo o meu direito de liberdade de express\u00e3o. Eu acho a vacina importante, mas n\u00e3o acho que seja a salva\u00e7\u00e3o do problema. Eu n\u00e3o fiz campanha contra a vacina, n\u00e3o falei para as pessoas n\u00e3o se vacinarem, eu n\u00e3o fiz nada disso. Foi um ponto de vista meu\u201d, disse.<\/p>\n","protected":false},"excerpt":{"rendered":"<p>A Santa Casa de Miseric\u00f3rdia de Vit\u00f3ria demitiu a enfermeira Nathana Faria Ceschim do quadro de funcion\u00e1rios. A profissional da Sa\u00fade usou as redes sociais para desfazer da CoronaVac, vacina contra a Covid-19. Em nota, a Santa Casa confirmou que Nathana foi demitida e disse que reafirma \u201ca postura clara e irrestrita com rela\u00e7\u00e3o \u00e0 [&hellip;]<\/p>\n","protected":false},"author":2,"featured_media":92799,"comment_status":"open","ping_status":"open","sticky":false,"template":"","format":"standard","meta":{"footnotes":"","_links_to":"","_links_to_target":""},"categories":[1],"tags":[],"class_list":["post-92797","post","type-post","status-publish","format-standard","has-post-thumbnail","hentry","category-geral"],"views":981,"_links":{"self":[{"href":"https:\/\/www.sudoestehoje.com.br\/novoportal\/wp-json\/wp\/v2\/posts\/92797","targetHints":{"allow":["GET"]}}],"collection":[{"href":"https:\/\/www.sudoestehoje.com.br\/novoportal\/wp-json\/wp\/v2\/posts"}],"about":[{"href":"https:\/\/www.sudoestehoje.com.br\/novoportal\/wp-json\/wp\/v2\/types\/post"}],"author":[{"embeddable":true,"href":"https:\/\/www.sudoestehoje.com.br\/novoportal\/wp-json\/wp\/v2\/users\/2"}],"replies":[{"embeddable":true,"href":"https:\/\/www.sudoestehoje.com.br\/novoportal\/wp-json\/wp\/v2\/comments?post=92797"}],"version-history":[{"count":2,"href":"https:\/\/www.sudoestehoje.com.br\/novoportal\/wp-json\/wp\/v2\/posts\/92797\/revisions"}],"predecessor-version":[{"id":92800,"href":"https:\/\/www.sudoestehoje.com.br\/novoportal\/wp-json\/wp\/v2\/posts\/92797\/revisions\/92800"}],"wp:featuredmedia":[{"embeddable":true,"href":"https:\/\/www.sudoestehoje.com.br\/novoportal\/wp-json\/wp\/v2\/media\/92799"}],"wp:attachment":[{"href":"https:\/\/www.sudoestehoje.com.br\/novoportal\/wp-json\/wp\/v2\/media?parent=92797"}],"wp:term":[{"taxonomy":"category","embeddable":true,"href":"https:\/\/www.sudoestehoje.com.br\/novoportal\/wp-json\/wp\/v2\/categories?post=92797"},{"taxonomy":"post_tag","embeddable":true,"href":"https:\/\/www.sudoestehoje.com.br\/novoportal\/wp-json\/wp\/v2\/tags?post=92797"}],"curies":[{"name":"wp","href":"https:\/\/api.w.org\/{rel}","templated":true}]}}