
{"id":92782,"date":"2021-01-26T19:41:01","date_gmt":"2021-01-26T22:41:01","guid":{"rendered":"https:\/\/www.sudoestehoje.com.br\/novoportal\/?p=92782"},"modified":"2021-01-26T19:41:01","modified_gmt":"2021-01-26T22:41:01","slug":"carnaval-nao-tera-ponto-facultativo","status":"publish","type":"post","link":"https:\/\/www.sudoestehoje.com.br\/novoportal\/2021\/01\/26\/carnaval-nao-tera-ponto-facultativo\/","title":{"rendered":"CARNAVAL N\u00c3O TER\u00c1 PONTO FACULTATIVO"},"content":{"rendered":"<p><a href=\"https:\/\/www.sudoestehoje.com.br\/novoportal\/wp-content\/uploads\/2021\/01\/trio-eletrico.jpg\"><img loading=\"lazy\" decoding=\"async\" class=\"aligncenter size-medium wp-image-92783\" src=\"https:\/\/www.sudoestehoje.com.br\/novoportal\/wp-content\/uploads\/2021\/01\/trio-eletrico-500x317.jpg\" alt=\"\" width=\"500\" height=\"317\" srcset=\"https:\/\/www.sudoestehoje.com.br\/novoportal\/wp-content\/uploads\/2021\/01\/trio-eletrico-500x317.jpg 500w, https:\/\/www.sudoestehoje.com.br\/novoportal\/wp-content\/uploads\/2021\/01\/trio-eletrico-700x444.jpg 700w, https:\/\/www.sudoestehoje.com.br\/novoportal\/wp-content\/uploads\/2021\/01\/trio-eletrico-768x487.jpg 768w, https:\/\/www.sudoestehoje.com.br\/novoportal\/wp-content\/uploads\/2021\/01\/trio-eletrico-1536x974.jpg 1536w, https:\/\/www.sudoestehoje.com.br\/novoportal\/wp-content\/uploads\/2021\/01\/trio-eletrico.jpg 1600w\" sizes=\"auto, (max-width: 500px) 100vw, 500px\" \/><\/a><\/p>\n<p>Em decis\u00e3o conjunta, o Governo do Estado e a Prefeitura de Salvador anunciam, nesta ter\u00e7a-feira (26), que n\u00e3o haver\u00e1 ponto facultativo nas datas em que seria comemorado o Carnaval deste ano.<\/p>\n<p>Um decreto estadual de 1981 estabelece como ponto facultativo a segunda, ter\u00e7a e quarta-feira, at\u00e9 meio-dia. Entretanto, em 2021, em raz\u00e3o da pandemia e cancelamento da festa em fevereiro, o Estado e a Prefeitura da capital entendem que n\u00e3o h\u00e1 motivo para decretar ponto facultativo nos dias mencionados acima.<\/p>\n<p>Com essa decis\u00e3o, o poder p\u00fablico pretende desestimular a ocorr\u00eancia de qualquer evento que possa gerar aglomera\u00e7\u00e3o e influenciar no aumento do n\u00famero de v\u00edtimas da Covid.<\/p>\n","protected":false},"excerpt":{"rendered":"<p>Em decis\u00e3o conjunta, o Governo do Estado e a Prefeitura de Salvador anunciam, nesta ter\u00e7a-feira (26), que n\u00e3o haver\u00e1 ponto facultativo nas datas em que seria comemorado o Carnaval deste ano. Um decreto estadual de 1981 estabelece como ponto facultativo a segunda, ter\u00e7a e quarta-feira, at\u00e9 meio-dia. Entretanto, em 2021, em raz\u00e3o da pandemia e [&hellip;]<\/p>\n","protected":false},"author":2,"featured_media":92783,"comment_status":"open","ping_status":"open","sticky":false,"template":"","format":"standard","meta":{"footnotes":"","_links_to":"","_links_to_target":""},"categories":[1],"tags":[],"class_list":["post-92782","post","type-post","status-publish","format-standard","has-post-thumbnail","hentry","category-geral"],"views":1122,"_links":{"self":[{"href":"https:\/\/www.sudoestehoje.com.br\/novoportal\/wp-json\/wp\/v2\/posts\/92782","targetHints":{"allow":["GET"]}}],"collection":[{"href":"https:\/\/www.sudoestehoje.com.br\/novoportal\/wp-json\/wp\/v2\/posts"}],"about":[{"href":"https:\/\/www.sudoestehoje.com.br\/novoportal\/wp-json\/wp\/v2\/types\/post"}],"author":[{"embeddable":true,"href":"https:\/\/www.sudoestehoje.com.br\/novoportal\/wp-json\/wp\/v2\/users\/2"}],"replies":[{"embeddable":true,"href":"https:\/\/www.sudoestehoje.com.br\/novoportal\/wp-json\/wp\/v2\/comments?post=92782"}],"version-history":[{"count":1,"href":"https:\/\/www.sudoestehoje.com.br\/novoportal\/wp-json\/wp\/v2\/posts\/92782\/revisions"}],"predecessor-version":[{"id":92784,"href":"https:\/\/www.sudoestehoje.com.br\/novoportal\/wp-json\/wp\/v2\/posts\/92782\/revisions\/92784"}],"wp:featuredmedia":[{"embeddable":true,"href":"https:\/\/www.sudoestehoje.com.br\/novoportal\/wp-json\/wp\/v2\/media\/92783"}],"wp:attachment":[{"href":"https:\/\/www.sudoestehoje.com.br\/novoportal\/wp-json\/wp\/v2\/media?parent=92782"}],"wp:term":[{"taxonomy":"category","embeddable":true,"href":"https:\/\/www.sudoestehoje.com.br\/novoportal\/wp-json\/wp\/v2\/categories?post=92782"},{"taxonomy":"post_tag","embeddable":true,"href":"https:\/\/www.sudoestehoje.com.br\/novoportal\/wp-json\/wp\/v2\/tags?post=92782"}],"curies":[{"name":"wp","href":"https:\/\/api.w.org\/{rel}","templated":true}]}}