
{"id":92778,"date":"2021-01-26T19:26:42","date_gmt":"2021-01-26T22:26:42","guid":{"rendered":"https:\/\/www.sudoestehoje.com.br\/novoportal\/?p=92778"},"modified":"2021-01-26T19:26:42","modified_gmt":"2021-01-26T22:26:42","slug":"ivete-sangalo-pode-substituir-faustao-na-globo-apresentador-deixa-a-emissora-em-dezembro","status":"publish","type":"post","link":"https:\/\/www.sudoestehoje.com.br\/novoportal\/2021\/01\/26\/ivete-sangalo-pode-substituir-faustao-na-globo-apresentador-deixa-a-emissora-em-dezembro\/","title":{"rendered":"IVETE SANGALO PODE SUBSTITUIR FAUST\u00c3O NA GLOBO; APRESENTADOR DEIXA A EMISSORA EM DEZEMBRO"},"content":{"rendered":"<p><a href=\"https:\/\/www.sudoestehoje.com.br\/novoportal\/wp-content\/uploads\/2021\/01\/ivete-1000x530-1.jpg\"><img loading=\"lazy\" decoding=\"async\" class=\"aligncenter size-medium wp-image-92780\" src=\"https:\/\/www.sudoestehoje.com.br\/novoportal\/wp-content\/uploads\/2021\/01\/ivete-1000x530-1-500x265.jpg\" alt=\"\" width=\"500\" height=\"265\" srcset=\"https:\/\/www.sudoestehoje.com.br\/novoportal\/wp-content\/uploads\/2021\/01\/ivete-1000x530-1-500x265.jpg 500w, https:\/\/www.sudoestehoje.com.br\/novoportal\/wp-content\/uploads\/2021\/01\/ivete-1000x530-1-700x371.jpg 700w, https:\/\/www.sudoestehoje.com.br\/novoportal\/wp-content\/uploads\/2021\/01\/ivete-1000x530-1-768x407.jpg 768w, https:\/\/www.sudoestehoje.com.br\/novoportal\/wp-content\/uploads\/2021\/01\/ivete-1000x530-1.jpg 1000w\" sizes=\"auto, (max-width: 500px) 100vw, 500px\" \/><\/a><\/p>\n<p>A cantora Ivete Sangalo \u00e9 cotada para\u00a0<a href=\"https:\/\/www.todabahia.com.br\/faustao-vai-deixar-a-globo-em-dezembro-apos-32-anos-na-emissora\/\" target=\"_blank\" rel=\"noopener noreferrer\"><strong>substituir Fausto Silva<\/strong><\/a>\u00a0na programa\u00e7\u00e3o dominical da TV Globo a partir de 2022.\u00a0A informa\u00e7\u00e3o \u00e9 do colunista Fernando Oliveira, do\u00a0<em>UOL<\/em>. Segundo ele, ela tem a simpatia da dire\u00e7\u00e3o da Globo e teria capacidade de assumir o hor\u00e1rio de Faust\u00e3o.<\/p>\n<p>Ivete tamb\u00e9m atrai as aten\u00e7\u00f5es do mercado publicit\u00e1rio e j\u00e1 tem experi\u00eancia aos domingos, j\u00e1 que nos anos 2000 comandou o Esta\u00e7\u00e3o Globo.<\/p>\n<p>Por enquanto, tudo o que envolve a substitui\u00e7\u00e3o de Faust\u00e3o na Globo \u00e9 especula\u00e7\u00e3o. At\u00e9 o momento, a emissora n\u00e3o conversou com ningu\u00e9m para substituir o apresentador, que deixar\u00e1 o canal depois de 32 anos.<\/p>\n","protected":false},"excerpt":{"rendered":"<p>A cantora Ivete Sangalo \u00e9 cotada para\u00a0substituir Fausto Silva\u00a0na programa\u00e7\u00e3o dominical da TV Globo a partir de 2022.\u00a0A informa\u00e7\u00e3o \u00e9 do colunista Fernando Oliveira, do\u00a0UOL. Segundo ele, ela tem a simpatia da dire\u00e7\u00e3o da Globo e teria capacidade de assumir o hor\u00e1rio de Faust\u00e3o. Ivete tamb\u00e9m atrai as aten\u00e7\u00f5es do mercado publicit\u00e1rio e j\u00e1 tem [&hellip;]<\/p>\n","protected":false},"author":2,"featured_media":92780,"comment_status":"open","ping_status":"open","sticky":false,"template":"","format":"standard","meta":{"footnotes":"","_links_to":"","_links_to_target":""},"categories":[1],"tags":[],"class_list":["post-92778","post","type-post","status-publish","format-standard","has-post-thumbnail","hentry","category-geral"],"views":862,"_links":{"self":[{"href":"https:\/\/www.sudoestehoje.com.br\/novoportal\/wp-json\/wp\/v2\/posts\/92778","targetHints":{"allow":["GET"]}}],"collection":[{"href":"https:\/\/www.sudoestehoje.com.br\/novoportal\/wp-json\/wp\/v2\/posts"}],"about":[{"href":"https:\/\/www.sudoestehoje.com.br\/novoportal\/wp-json\/wp\/v2\/types\/post"}],"author":[{"embeddable":true,"href":"https:\/\/www.sudoestehoje.com.br\/novoportal\/wp-json\/wp\/v2\/users\/2"}],"replies":[{"embeddable":true,"href":"https:\/\/www.sudoestehoje.com.br\/novoportal\/wp-json\/wp\/v2\/comments?post=92778"}],"version-history":[{"count":2,"href":"https:\/\/www.sudoestehoje.com.br\/novoportal\/wp-json\/wp\/v2\/posts\/92778\/revisions"}],"predecessor-version":[{"id":92781,"href":"https:\/\/www.sudoestehoje.com.br\/novoportal\/wp-json\/wp\/v2\/posts\/92778\/revisions\/92781"}],"wp:featuredmedia":[{"embeddable":true,"href":"https:\/\/www.sudoestehoje.com.br\/novoportal\/wp-json\/wp\/v2\/media\/92780"}],"wp:attachment":[{"href":"https:\/\/www.sudoestehoje.com.br\/novoportal\/wp-json\/wp\/v2\/media?parent=92778"}],"wp:term":[{"taxonomy":"category","embeddable":true,"href":"https:\/\/www.sudoestehoje.com.br\/novoportal\/wp-json\/wp\/v2\/categories?post=92778"},{"taxonomy":"post_tag","embeddable":true,"href":"https:\/\/www.sudoestehoje.com.br\/novoportal\/wp-json\/wp\/v2\/tags?post=92778"}],"curies":[{"name":"wp","href":"https:\/\/api.w.org\/{rel}","templated":true}]}}