
{"id":92757,"date":"2021-01-24T19:18:59","date_gmt":"2021-01-24T22:18:59","guid":{"rendered":"https:\/\/www.sudoestehoje.com.br\/novoportal\/?p=92757"},"modified":"2021-01-24T19:18:59","modified_gmt":"2021-01-24T22:18:59","slug":"sesab-nao-vai-reservar-metade-das-vacinas-de-oxford-como-fez-com-a-coronavac","status":"publish","type":"post","link":"https:\/\/www.sudoestehoje.com.br\/novoportal\/2021\/01\/24\/sesab-nao-vai-reservar-metade-das-vacinas-de-oxford-como-fez-com-a-coronavac\/","title":{"rendered":"SESAB N\u00c3O VAI RESERVAR METADE DAS VACINAS DE OXFORD COMO FEZ COM A CORONAVAC"},"content":{"rendered":"<p><a href=\"https:\/\/www.sudoestehoje.com.br\/novoportal\/wp-content\/uploads\/2021\/01\/SEC-VILAS.jpg\"><img loading=\"lazy\" decoding=\"async\" class=\"aligncenter size-medium wp-image-92759\" src=\"https:\/\/www.sudoestehoje.com.br\/novoportal\/wp-content\/uploads\/2021\/01\/SEC-VILAS-500x263.jpg\" alt=\"\" width=\"500\" height=\"263\" srcset=\"https:\/\/www.sudoestehoje.com.br\/novoportal\/wp-content\/uploads\/2021\/01\/SEC-VILAS-500x263.jpg 500w, https:\/\/www.sudoestehoje.com.br\/novoportal\/wp-content\/uploads\/2021\/01\/SEC-VILAS-700x368.jpg 700w, https:\/\/www.sudoestehoje.com.br\/novoportal\/wp-content\/uploads\/2021\/01\/SEC-VILAS-768x403.jpg 768w, https:\/\/www.sudoestehoje.com.br\/novoportal\/wp-content\/uploads\/2021\/01\/SEC-VILAS.jpg 1200w\" sizes=\"auto, (max-width: 500px) 100vw, 500px\" \/><\/a><\/p>\n<p>Diferente do que fez com as 376,6 mil doses da Coronavac que recebeu na semana passada, a Secretaria de Sa\u00fade da Bahia (Sesab) n\u00e3o vai guardar metade dos imunizantes da vacina de Oxford. O titular da Sesab, F\u00e1bio Vilas-Boas, explicou que a &#8220;resposta imunol\u00f3gica precoce maior&#8221; garante que se possa aplicar a segunda dose\u00a090 a 120 dias ap\u00f3s a primeira, &#8220;sem nenhuma perda para as pessoas&#8221;.<\/p>\n<p dir=\"ltr\">&#8220;Daqui a 30, 60, 90 dias, n\u00f3s estaremos recebendo outros lotes de suprimento da vacina, o que permitir\u00e1 que, nesse caso da vacina AstraZeneca\/ Fiocruz\/ Oxford, n\u00f3s possamos gastar todas ao longo desse primeiro per\u00edodo de vacina\u00e7\u00e3o, sem ter que guardar 50% para garantir a segunda dose&#8221;, esclareceu.<\/p>\n<p dir=\"ltr\">De acordo com a Fiocruz, a efic\u00e1cia dessa vacina ap\u00f3s uma dose j\u00e1 \u00e9 de 73%. A Bahia recebeu 119.500 doses do imunizante na manh\u00e3 deste domingo (24) e a distribui\u00e7\u00e3o para os munic\u00edpios baianos ocorrer\u00e1 nesta tarde. <em>\/\/Bahia Not\u00edcias<\/em><\/p>\n","protected":false},"excerpt":{"rendered":"<p>Diferente do que fez com as 376,6 mil doses da Coronavac que recebeu na semana passada, a Secretaria de Sa\u00fade da Bahia (Sesab) n\u00e3o vai guardar metade dos imunizantes da vacina de Oxford. O titular da Sesab, F\u00e1bio Vilas-Boas, explicou que a &#8220;resposta imunol\u00f3gica precoce maior&#8221; garante que se possa aplicar a segunda dose\u00a090 a [&hellip;]<\/p>\n","protected":false},"author":2,"featured_media":92759,"comment_status":"open","ping_status":"open","sticky":false,"template":"","format":"standard","meta":{"footnotes":"","_links_to":"","_links_to_target":""},"categories":[1],"tags":[],"class_list":["post-92757","post","type-post","status-publish","format-standard","has-post-thumbnail","hentry","category-geral"],"views":1024,"_links":{"self":[{"href":"https:\/\/www.sudoestehoje.com.br\/novoportal\/wp-json\/wp\/v2\/posts\/92757","targetHints":{"allow":["GET"]}}],"collection":[{"href":"https:\/\/www.sudoestehoje.com.br\/novoportal\/wp-json\/wp\/v2\/posts"}],"about":[{"href":"https:\/\/www.sudoestehoje.com.br\/novoportal\/wp-json\/wp\/v2\/types\/post"}],"author":[{"embeddable":true,"href":"https:\/\/www.sudoestehoje.com.br\/novoportal\/wp-json\/wp\/v2\/users\/2"}],"replies":[{"embeddable":true,"href":"https:\/\/www.sudoestehoje.com.br\/novoportal\/wp-json\/wp\/v2\/comments?post=92757"}],"version-history":[{"count":3,"href":"https:\/\/www.sudoestehoje.com.br\/novoportal\/wp-json\/wp\/v2\/posts\/92757\/revisions"}],"predecessor-version":[{"id":92761,"href":"https:\/\/www.sudoestehoje.com.br\/novoportal\/wp-json\/wp\/v2\/posts\/92757\/revisions\/92761"}],"wp:featuredmedia":[{"embeddable":true,"href":"https:\/\/www.sudoestehoje.com.br\/novoportal\/wp-json\/wp\/v2\/media\/92759"}],"wp:attachment":[{"href":"https:\/\/www.sudoestehoje.com.br\/novoportal\/wp-json\/wp\/v2\/media?parent=92757"}],"wp:term":[{"taxonomy":"category","embeddable":true,"href":"https:\/\/www.sudoestehoje.com.br\/novoportal\/wp-json\/wp\/v2\/categories?post=92757"},{"taxonomy":"post_tag","embeddable":true,"href":"https:\/\/www.sudoestehoje.com.br\/novoportal\/wp-json\/wp\/v2\/tags?post=92757"}],"curies":[{"name":"wp","href":"https:\/\/api.w.org\/{rel}","templated":true}]}}