
{"id":92748,"date":"2021-01-24T18:46:07","date_gmt":"2021-01-24T21:46:07","guid":{"rendered":"https:\/\/www.sudoestehoje.com.br\/novoportal\/?p=92748"},"modified":"2021-01-24T18:58:16","modified_gmt":"2021-01-24T21:58:16","slug":"joao-de-deus-pede-a-deputado-audiencia-na-seinfra-para-tratar-da-recuperacao-da-av-julio-rodrigues","status":"publish","type":"post","link":"https:\/\/www.sudoestehoje.com.br\/novoportal\/2021\/01\/24\/joao-de-deus-pede-a-deputado-audiencia-na-seinfra-para-tratar-da-recuperacao-da-av-julio-rodrigues\/","title":{"rendered":"VEREADOR JO\u00c3O DE DEUS PEDE A DEPUTADO AUDI\u00caNCIA NA SEINFRA PARA TRATAR DA RECUPERA\u00c7\u00c3O DA AV. JULIO RODRIGUES"},"content":{"rendered":"<p><a href=\"https:\/\/www.sudoestehoje.com.br\/novoportal\/wp-content\/uploads\/2021\/01\/Julio-Rodrigues.jpg\"><img loading=\"lazy\" decoding=\"async\" class=\"aligncenter size-medium wp-image-92751\" src=\"https:\/\/www.sudoestehoje.com.br\/novoportal\/wp-content\/uploads\/2021\/01\/Julio-Rodrigues-500x375.jpg\" alt=\"\" width=\"500\" height=\"375\" srcset=\"https:\/\/www.sudoestehoje.com.br\/novoportal\/wp-content\/uploads\/2021\/01\/Julio-Rodrigues-500x375.jpg 500w, https:\/\/www.sudoestehoje.com.br\/novoportal\/wp-content\/uploads\/2021\/01\/Julio-Rodrigues-700x525.jpg 700w, https:\/\/www.sudoestehoje.com.br\/novoportal\/wp-content\/uploads\/2021\/01\/Julio-Rodrigues-768x576.jpg 768w, https:\/\/www.sudoestehoje.com.br\/novoportal\/wp-content\/uploads\/2021\/01\/Julio-Rodrigues.jpg 960w\" sizes=\"auto, (max-width: 500px) 100vw, 500px\" \/><\/a><\/p>\n<p>O vereador Jo\u00e3o de Deus (MDB) encaminhou, na \u00faltima quinta-feira (21), of\u00edcio ao Deputado Estadual Pedro Tavares (DEM), representante de Itapetinga na Assembleia Legislativa da Bahia, uma audi\u00eancia com Secret\u00e1rio Estadual de Infraestrutura, Marcos Cavalcante, para tratar da conclus\u00e3o das obras da Avenida J\u00falio Rodrigues.<\/p>\n<p>Em contato com o Sudoeste Hoje, o vereador ressaltou que<em> &#8220;a Avenida J\u00falio Rodrigues \u00e9 uma das mais importantes de Itapetinga, liga v\u00e1rios bairros e \u00e9 um dos acessos da BA-263 \u00e0 cidade, sendo de responsabilidade do Governo do Estado&#8221;.<\/em><\/p>\n<p>Ainda, segundo o vereador Jo\u00e3o de Deus,<em> &#8220;a obra nunca foi conclu\u00edda, pois no seu projeto inicial consta, al\u00e9m da pavimenta\u00e7\u00e3o asf\u00e1ltica, jardinagem e ilumina\u00e7\u00e3o, sem contar que a pavimenta\u00e7\u00e3o foi mal feita e j\u00e1 se encontra em estado prec\u00e1rio, h\u00e1 anos&#8221;.<\/em><\/p>\n<p>No documento, Jo\u00e3o de Deus solicita a participa\u00e7\u00e3o de todos os vereadores de Itapetinga na audi\u00eancia com o secret\u00e1rio da SEINFRA do Estado da Bahia. Confira of\u00edcio:<\/p>\n<p><a href=\"https:\/\/www.sudoestehoje.com.br\/novoportal\/wp-content\/uploads\/2021\/01\/oficio-joao.jpeg\"><img loading=\"lazy\" decoding=\"async\" class=\"aligncenter size-medium wp-image-92755\" src=\"https:\/\/www.sudoestehoje.com.br\/novoportal\/wp-content\/uploads\/2021\/01\/oficio-joao-479x700.jpeg\" alt=\"\" width=\"479\" height=\"700\" srcset=\"https:\/\/www.sudoestehoje.com.br\/novoportal\/wp-content\/uploads\/2021\/01\/oficio-joao-479x700.jpeg 479w, https:\/\/www.sudoestehoje.com.br\/novoportal\/wp-content\/uploads\/2021\/01\/oficio-joao-616x900.jpeg 616w, https:\/\/www.sudoestehoje.com.br\/novoportal\/wp-content\/uploads\/2021\/01\/oficio-joao-768x1122.jpeg 768w, https:\/\/www.sudoestehoje.com.br\/novoportal\/wp-content\/uploads\/2021\/01\/oficio-joao.jpeg 876w\" sizes=\"auto, (max-width: 479px) 100vw, 479px\" \/><\/a><\/p>\n<p><strong><em>Por Davi Ferraz\u00a0<\/em><\/strong><\/p>\n","protected":false},"excerpt":{"rendered":"<p>O vereador Jo\u00e3o de Deus (MDB) encaminhou, na \u00faltima quinta-feira (21), of\u00edcio ao Deputado Estadual Pedro Tavares (DEM), representante de Itapetinga na Assembleia Legislativa da Bahia, uma audi\u00eancia com Secret\u00e1rio Estadual de Infraestrutura, Marcos Cavalcante, para tratar da conclus\u00e3o das obras da Avenida J\u00falio Rodrigues. Em contato com o Sudoeste Hoje, o vereador ressaltou que [&hellip;]<\/p>\n","protected":false},"author":2,"featured_media":92751,"comment_status":"open","ping_status":"open","sticky":false,"template":"","format":"standard","meta":{"footnotes":"","_links_to":"","_links_to_target":""},"categories":[1],"tags":[],"class_list":["post-92748","post","type-post","status-publish","format-standard","has-post-thumbnail","hentry","category-geral"],"views":1340,"_links":{"self":[{"href":"https:\/\/www.sudoestehoje.com.br\/novoportal\/wp-json\/wp\/v2\/posts\/92748","targetHints":{"allow":["GET"]}}],"collection":[{"href":"https:\/\/www.sudoestehoje.com.br\/novoportal\/wp-json\/wp\/v2\/posts"}],"about":[{"href":"https:\/\/www.sudoestehoje.com.br\/novoportal\/wp-json\/wp\/v2\/types\/post"}],"author":[{"embeddable":true,"href":"https:\/\/www.sudoestehoje.com.br\/novoportal\/wp-json\/wp\/v2\/users\/2"}],"replies":[{"embeddable":true,"href":"https:\/\/www.sudoestehoje.com.br\/novoportal\/wp-json\/wp\/v2\/comments?post=92748"}],"version-history":[{"count":5,"href":"https:\/\/www.sudoestehoje.com.br\/novoportal\/wp-json\/wp\/v2\/posts\/92748\/revisions"}],"predecessor-version":[{"id":92756,"href":"https:\/\/www.sudoestehoje.com.br\/novoportal\/wp-json\/wp\/v2\/posts\/92748\/revisions\/92756"}],"wp:featuredmedia":[{"embeddable":true,"href":"https:\/\/www.sudoestehoje.com.br\/novoportal\/wp-json\/wp\/v2\/media\/92751"}],"wp:attachment":[{"href":"https:\/\/www.sudoestehoje.com.br\/novoportal\/wp-json\/wp\/v2\/media?parent=92748"}],"wp:term":[{"taxonomy":"category","embeddable":true,"href":"https:\/\/www.sudoestehoje.com.br\/novoportal\/wp-json\/wp\/v2\/categories?post=92748"},{"taxonomy":"post_tag","embeddable":true,"href":"https:\/\/www.sudoestehoje.com.br\/novoportal\/wp-json\/wp\/v2\/tags?post=92748"}],"curies":[{"name":"wp","href":"https:\/\/api.w.org\/{rel}","templated":true}]}}