
{"id":92735,"date":"2021-01-22T22:28:32","date_gmt":"2021-01-23T01:28:32","guid":{"rendered":"https:\/\/www.sudoestehoje.com.br\/novoportal\/?p=92735"},"modified":"2021-01-22T22:28:32","modified_gmt":"2021-01-23T01:28:32","slug":"2-milhoes-de-doses-de-vacinas-de-oxford-chegam-ao-brasil-vindas-da-india","status":"publish","type":"post","link":"https:\/\/www.sudoestehoje.com.br\/novoportal\/2021\/01\/22\/2-milhoes-de-doses-de-vacinas-de-oxford-chegam-ao-brasil-vindas-da-india\/","title":{"rendered":"2 MILH\u00d5ES DE DOSES DE VACINAS DE OXFORD CHEGAM AO BRASIL VINDAS DA \u00cdNDIA"},"content":{"rendered":"<div class=\"mc-column content-text active-extra-styles \" data-block-type=\"unstyled\" data-block-weight=\"47\" data-block-id=\"2\">\n<p data-track-category=\"Link no Texto\" data-track-links=\"\"><a href=\"https:\/\/www.sudoestehoje.com.br\/novoportal\/wp-content\/uploads\/2021\/01\/VACINAS-DA-\u00cdNDIA.jpg\"><img loading=\"lazy\" decoding=\"async\" class=\"aligncenter size-medium wp-image-92737\" src=\"https:\/\/www.sudoestehoje.com.br\/novoportal\/wp-content\/uploads\/2021\/01\/VACINAS-DA-\u00cdNDIA-500x333.jpg\" alt=\"\" width=\"500\" height=\"333\" srcset=\"https:\/\/www.sudoestehoje.com.br\/novoportal\/wp-content\/uploads\/2021\/01\/VACINAS-DA-\u00cdNDIA-500x333.jpg 500w, https:\/\/www.sudoestehoje.com.br\/novoportal\/wp-content\/uploads\/2021\/01\/VACINAS-DA-\u00cdNDIA-700x467.jpg 700w, https:\/\/www.sudoestehoje.com.br\/novoportal\/wp-content\/uploads\/2021\/01\/VACINAS-DA-\u00cdNDIA-768x512.jpg 768w, https:\/\/www.sudoestehoje.com.br\/novoportal\/wp-content\/uploads\/2021\/01\/VACINAS-DA-\u00cdNDIA.jpg 984w\" sizes=\"auto, (max-width: 500px) 100vw, 500px\" \/><\/a><\/p>\n<p class=\"content-text__container \" data-track-category=\"Link no Texto\" data-track-links=\"\">O avi\u00e3o que transportava os dois milh\u00f5es de doses da vacina de Oxford produzidas no Instituto Serum, na \u00cdndia, chegou a S\u00e3o Paulo na tarde desta sexta-feira (22), ap\u00f3s o governo indiano autorizar as exporta\u00e7\u00f5es comerciais do imunizante. O pouso ocorreu por volta das 17h20.<\/p>\n<\/div>\n<div class=\"wall protected-content\">\n<div class=\"mc-column content-text active-extra-styles \" data-block-type=\"unstyled\" data-block-weight=\"52\" data-block-id=\"3\">\n<p class=\"content-text__container \" data-track-category=\"Link no Texto\" data-track-links=\"\">O ministro da Sa\u00fade, Eduardo Pazuello, acompanhou a chegada da carga no Aeroporto Internacional de S\u00e3o Paulo, em Guarulhos, na Grande S\u00e3o Paulo. A carga era para ter chegado cinco dias atr\u00e1s, no dia 17, mas a \u00cdndia n\u00e3o havia liberado o envio para o Brasil\u00a0<strong>(leia mais abaixo).<\/strong><\/p>\n<\/div>\n<div class=\"mc-column content-text active-extra-styles \" data-block-type=\"unstyled\" data-block-weight=\"46\" data-block-id=\"4\">\n<p class=\"content-text__container \" data-track-category=\"Link no Texto\" data-track-links=\"\">&#8220;A carga ser\u00e1 encaminhada para a Fiocruz que vai preparar toda a etiquetagem e a confer\u00eancia do material recebido. Os lotes ser\u00e3o separados a partir de amanh\u00e3, quando estiverem prontos, provavelmente, no fim do dia, iniciamos o transporte para todos os estados do nosso pa\u00eds&#8221;.<\/p>\n<\/div>\n<\/div>\n","protected":false},"excerpt":{"rendered":"<p>O avi\u00e3o que transportava os dois milh\u00f5es de doses da vacina de Oxford produzidas no Instituto Serum, na \u00cdndia, chegou a S\u00e3o Paulo na tarde desta sexta-feira (22), ap\u00f3s o governo indiano autorizar as exporta\u00e7\u00f5es comerciais do imunizante. O pouso ocorreu por volta das 17h20. O ministro da Sa\u00fade, Eduardo Pazuello, acompanhou a chegada da [&hellip;]<\/p>\n","protected":false},"author":2,"featured_media":92737,"comment_status":"open","ping_status":"open","sticky":false,"template":"","format":"standard","meta":{"footnotes":"","_links_to":"","_links_to_target":""},"categories":[1],"tags":[],"class_list":["post-92735","post","type-post","status-publish","format-standard","has-post-thumbnail","hentry","category-geral"],"views":877,"_links":{"self":[{"href":"https:\/\/www.sudoestehoje.com.br\/novoportal\/wp-json\/wp\/v2\/posts\/92735","targetHints":{"allow":["GET"]}}],"collection":[{"href":"https:\/\/www.sudoestehoje.com.br\/novoportal\/wp-json\/wp\/v2\/posts"}],"about":[{"href":"https:\/\/www.sudoestehoje.com.br\/novoportal\/wp-json\/wp\/v2\/types\/post"}],"author":[{"embeddable":true,"href":"https:\/\/www.sudoestehoje.com.br\/novoportal\/wp-json\/wp\/v2\/users\/2"}],"replies":[{"embeddable":true,"href":"https:\/\/www.sudoestehoje.com.br\/novoportal\/wp-json\/wp\/v2\/comments?post=92735"}],"version-history":[{"count":3,"href":"https:\/\/www.sudoestehoje.com.br\/novoportal\/wp-json\/wp\/v2\/posts\/92735\/revisions"}],"predecessor-version":[{"id":92739,"href":"https:\/\/www.sudoestehoje.com.br\/novoportal\/wp-json\/wp\/v2\/posts\/92735\/revisions\/92739"}],"wp:featuredmedia":[{"embeddable":true,"href":"https:\/\/www.sudoestehoje.com.br\/novoportal\/wp-json\/wp\/v2\/media\/92737"}],"wp:attachment":[{"href":"https:\/\/www.sudoestehoje.com.br\/novoportal\/wp-json\/wp\/v2\/media?parent=92735"}],"wp:term":[{"taxonomy":"category","embeddable":true,"href":"https:\/\/www.sudoestehoje.com.br\/novoportal\/wp-json\/wp\/v2\/categories?post=92735"},{"taxonomy":"post_tag","embeddable":true,"href":"https:\/\/www.sudoestehoje.com.br\/novoportal\/wp-json\/wp\/v2\/tags?post=92735"}],"curies":[{"name":"wp","href":"https:\/\/api.w.org\/{rel}","templated":true}]}}