
{"id":92732,"date":"2021-01-21T22:27:10","date_gmt":"2021-01-22T01:27:10","guid":{"rendered":"https:\/\/www.sudoestehoje.com.br\/novoportal\/?p=92732"},"modified":"2021-01-21T22:27:10","modified_gmt":"2021-01-22T01:27:10","slug":"sesab-confirma-itororo-como-municipio-com-2o-maior-indice-de-covid-no-interior-prefeitura-nega","status":"publish","type":"post","link":"https:\/\/www.sudoestehoje.com.br\/novoportal\/2021\/01\/21\/sesab-confirma-itororo-como-municipio-com-2o-maior-indice-de-covid-no-interior-prefeitura-nega\/","title":{"rendered":"SESAB CONFIRMA ITOROR\u00d3 COMO MUNIC\u00cdPIO COM 2\u00ba MAIOR \u00cdNDICE DE COVID NO INTERIOR; PREFEITURA NEGA"},"content":{"rendered":"<div class=\"mc-column content-text active-extra-styles\" data-block-type=\"unstyled\" data-block-weight=\"30\" data-block-id=\"2\">\n<p data-track-category=\"Link no Texto\" data-track-links=\"\"><a href=\"https:\/\/www.sudoestehoje.com.br\/novoportal\/wp-content\/uploads\/2021\/01\/PREF-ITOROR\u00d3.jpg\"><img loading=\"lazy\" decoding=\"async\" class=\"aligncenter size-medium wp-image-92731\" src=\"https:\/\/www.sudoestehoje.com.br\/novoportal\/wp-content\/uploads\/2021\/01\/PREF-ITOROR\u00d3-500x276.jpg\" alt=\"\" width=\"500\" height=\"276\" srcset=\"https:\/\/www.sudoestehoje.com.br\/novoportal\/wp-content\/uploads\/2021\/01\/PREF-ITOROR\u00d3-500x276.jpg 500w, https:\/\/www.sudoestehoje.com.br\/novoportal\/wp-content\/uploads\/2021\/01\/PREF-ITOROR\u00d3.jpg 512w\" sizes=\"auto, (max-width: 500px) 100vw, 500px\" \/><\/a><\/p>\n<p data-track-category=\"Link no Texto\" data-track-links=\"\">Nesta quinta-feira, a prefeitura de Itoror\u00f3 divulgou nota nas redes sociais, <strong>distorcendo as informa\u00e7\u00f5es da pr\u00f3pria Sesab, publicadas no G1 e no Sudoeste Hoje<\/strong>, em que o munic\u00edpio aparece como detentor do 2\u00ba maior \u00edndice de incid\u00eancia da Covid do interior do estado.<\/p>\n<p data-track-category=\"Link no Texto\" data-track-links=\"\">Nesta sexta-feira (21), a Sesab voltou a divulgar os mesmos dados, que <strong>desmentem os fracos argumentos da Secretaria Municipal de Sa\u00fade de Itoror\u00f3<\/strong>, e confirmam a credibilidade do Sudoeste Hoje, maior e mais prestigiado site de not\u00edcias do M\u00e9dio Sudoeste.<em><strong> Confira a mat\u00e9ria do G1-Bahia, com os dados da SESAB.<\/strong><\/em><\/p>\n<p class=\"content-text__container\" data-track-category=\"Link no Texto\" data-track-links=\"\"><em>\u201cA Bahia registrou\u00a0<span class=\"highlight highlighted\">4.455 novos casos de Covid-19 nas \u00faltimas 24 horas<\/span>, de acordo com as informa\u00e7\u00f5es divulgadas pela Secretaria da Sa\u00fade do Estado (Sesab) na noite desta quinta-feira (21).<\/em><\/p>\n<\/div>\n<div class=\"wall protected-content\">\n<div class=\"mc-column content-text active-extra-styles\" data-block-type=\"unstyled\" data-block-weight=\"59\" data-block-id=\"4\">\n<p class=\"content-text__container\" data-track-category=\"Link no Texto\" data-track-links=\"\"><em>Ainda de acordo com o boletim,\u00a0<span class=\"highlight highlighted\">o estado contabiliza 553.770 casos confirmados desde o in\u00edcio da pandemia<\/span>, 533.460 j\u00e1 s\u00e3o considerados recuperados e 10.550 encontram-se ativos. Tamb\u00e9m desde o in\u00edcio da pandemia, foram registradas 9.760 mortes, o que representa uma letalidade de 1,76%. De acordo com os dados do boletim desta quinta, 32 pessoas morreram em datas diversas.<\/em><\/p>\n<\/div>\n<div class=\"mc-column content-text active-extra-styles\" data-block-type=\"unstyled\" data-block-weight=\"21\" data-block-id=\"5\">\n<p class=\"content-text__container\" data-track-category=\"Link no Texto\" data-track-links=\"\"><em>Nas \u00faltimas 24 horas houve um crescimento de 0,8% tanto no n\u00famero de casos positivos como de pacientes recuperados da doen\u00e7a.<\/em><\/p>\n<p data-track-category=\"Link no Texto\" data-track-links=\"\"><strong><em>MAIORES \u00cdNDICES DE INCID\u00caNCIA NA BAHIA<\/em><\/strong><\/p>\n<\/div>\n<div class=\"mc-column content-text active-extra-styles\" data-block-type=\"unstyled\" data-block-weight=\"53\" data-block-id=\"6\">\n<p class=\"content-text__container\" data-track-category=\"Link no Texto\" data-track-links=\"\"><em>Salvador \u00e9 a cidade onde h\u00e1 o maior n\u00famero de casos proporcionais de pessoas atingidas pela doen\u00e7a: 22,14% do total. Dentre os munic\u00edpios com maior incid\u00eancia por 100 mil habitantes, as cidades que registram o maior coeficiente s\u00e3o: Ibirataia (10.906,48),<strong>\u00a0Itoror\u00f3 ( 9.174,76),<\/strong>\u00a0Muniz Ferreira (8.879,01), Concei\u00e7\u00e3o do Coit\u00e9 (8.728,16) e Itabuna (8.631,81).\u00a0<strong>\/\/Sesab \u2013 G1\u2033<\/strong><\/em><\/p>\n<p><span style=\"color: #0000ff;\"><strong><a style=\"color: #0000ff;\" href=\"https:\/\/g1.globo.com\/ba\/bahia\/noticia\/2021\/01\/21\/bahia-registra-4455-casos-de-covid-19-nas-ultimas-24h-total-passa-de-553-mil-e-mortes-chegam-a-9760.ghtml\">CONFIRA MAT\u00c9RIA DO G1 NA INTEGRA<\/a><\/strong><\/span><\/p>\n<p><span style=\"color: #0000ff;\"><strong><a style=\"color: #0000ff;\" href=\"http:\/\/www.saude.ba.gov.br\/wp-content\/uploads\/2021\/01\/BOLETIM_ELETRONICO_BAHIAN_303___21012021.pdf\">CONFIRA BOLETIM DA SESAB<\/a><\/strong><\/span><\/p>\n<\/div>\n<\/div>\n","protected":false},"excerpt":{"rendered":"<p>Nesta quinta-feira, a prefeitura de Itoror\u00f3 divulgou nota nas redes sociais, distorcendo as informa\u00e7\u00f5es da pr\u00f3pria Sesab, publicadas no G1 e no Sudoeste Hoje, em que o munic\u00edpio aparece como detentor do 2\u00ba maior \u00edndice de incid\u00eancia da Covid do interior do estado. Nesta sexta-feira (21), a Sesab voltou a divulgar os mesmos dados, que [&hellip;]<\/p>\n","protected":false},"author":2,"featured_media":92731,"comment_status":"open","ping_status":"open","sticky":false,"template":"","format":"standard","meta":{"footnotes":"","_links_to":"","_links_to_target":""},"categories":[1],"tags":[],"class_list":["post-92732","post","type-post","status-publish","format-standard","has-post-thumbnail","hentry","category-geral"],"views":1248,"_links":{"self":[{"href":"https:\/\/www.sudoestehoje.com.br\/novoportal\/wp-json\/wp\/v2\/posts\/92732","targetHints":{"allow":["GET"]}}],"collection":[{"href":"https:\/\/www.sudoestehoje.com.br\/novoportal\/wp-json\/wp\/v2\/posts"}],"about":[{"href":"https:\/\/www.sudoestehoje.com.br\/novoportal\/wp-json\/wp\/v2\/types\/post"}],"author":[{"embeddable":true,"href":"https:\/\/www.sudoestehoje.com.br\/novoportal\/wp-json\/wp\/v2\/users\/2"}],"replies":[{"embeddable":true,"href":"https:\/\/www.sudoestehoje.com.br\/novoportal\/wp-json\/wp\/v2\/comments?post=92732"}],"version-history":[{"count":2,"href":"https:\/\/www.sudoestehoje.com.br\/novoportal\/wp-json\/wp\/v2\/posts\/92732\/revisions"}],"predecessor-version":[{"id":92734,"href":"https:\/\/www.sudoestehoje.com.br\/novoportal\/wp-json\/wp\/v2\/posts\/92732\/revisions\/92734"}],"wp:featuredmedia":[{"embeddable":true,"href":"https:\/\/www.sudoestehoje.com.br\/novoportal\/wp-json\/wp\/v2\/media\/92731"}],"wp:attachment":[{"href":"https:\/\/www.sudoestehoje.com.br\/novoportal\/wp-json\/wp\/v2\/media?parent=92732"}],"wp:term":[{"taxonomy":"category","embeddable":true,"href":"https:\/\/www.sudoestehoje.com.br\/novoportal\/wp-json\/wp\/v2\/categories?post=92732"},{"taxonomy":"post_tag","embeddable":true,"href":"https:\/\/www.sudoestehoje.com.br\/novoportal\/wp-json\/wp\/v2\/tags?post=92732"}],"curies":[{"name":"wp","href":"https:\/\/api.w.org\/{rel}","templated":true}]}}