
{"id":92718,"date":"2021-01-21T17:56:26","date_gmt":"2021-01-21T20:56:26","guid":{"rendered":"https:\/\/www.sudoestehoje.com.br\/novoportal\/?p=92718"},"modified":"2021-01-21T17:56:26","modified_gmt":"2021-01-21T20:56:26","slug":"vacina-de-oxford-comeca-a-ser-importada-da-india-nesta-sexta-diz-governo","status":"publish","type":"post","link":"https:\/\/www.sudoestehoje.com.br\/novoportal\/2021\/01\/21\/vacina-de-oxford-comeca-a-ser-importada-da-india-nesta-sexta-diz-governo\/","title":{"rendered":"VACINA DE OXFORD COME\u00c7A A SER IMPORTADA DA \u00cdNDIA NESTA SEXTA, DIZ GOVERNO"},"content":{"rendered":"<p><a href=\"https:\/\/www.sudoestehoje.com.br\/novoportal\/wp-content\/uploads\/2021\/01\/VACINA-DA-INDIA.jpg\"><img loading=\"lazy\" decoding=\"async\" class=\"aligncenter size-medium wp-image-92719\" src=\"https:\/\/www.sudoestehoje.com.br\/novoportal\/wp-content\/uploads\/2021\/01\/VACINA-DA-INDIA-500x313.jpg\" alt=\"\" width=\"500\" height=\"313\" srcset=\"https:\/\/www.sudoestehoje.com.br\/novoportal\/wp-content\/uploads\/2021\/01\/VACINA-DA-INDIA-500x313.jpg 500w, https:\/\/www.sudoestehoje.com.br\/novoportal\/wp-content\/uploads\/2021\/01\/VACINA-DA-INDIA.jpg 652w\" sizes=\"auto, (max-width: 500px) 100vw, 500px\" \/><\/a><\/p>\n<p>O governo da \u00cdndia autorizou a exporta\u00e7\u00e3o de vacinas contra Covid-19. Com isso, as primeiras doses devem ser enviadas ao Brasil na sexta-feira (20), informou o secret\u00e1rio de Rela\u00e7\u00f5es Exteriores indiano \u00e0 ag\u00eancia Reuters.<\/p>\n<p>Adquiridas pelo governo brasileiro, as vacinas produzidas pela farmac\u00eautica brit\u00e2nica AstraZeneca e pela Universidade de Oxford est\u00e3o sendo fabricadas no Serum Institute, na \u00cdndia, o maior produtor mundial de vacinas, que recebeu pedidos de pa\u00edses de todo o mundo.<\/p>\n<p>A exporta\u00e7\u00e3o de doses havia sido proibida pelo governo indiano at\u00e9 que o pa\u00eds iniciasse seu pr\u00f3prio programa de imuniza\u00e7\u00e3o, no fim de semana passado.<\/p>\n<p>\u201cO fornecimento das quantidades comercialmente contratadas tamb\u00e9m come\u00e7ar\u00e1 a partir de amanh\u00e3 (sexta), come\u00e7ando por Brasil e Marrocos, seguidos de \u00c1frica do Sul e Ar\u00e1bia Saudita\u201d, afirmou o secret\u00e1rio de Rela\u00e7\u00f5es Exteriores indiano Harsh Vardhan Shringla.<\/p>\n<p>No in\u00edcio desta semana, o pa\u00eds enviou carregamentos gratuitos para pa\u00edses vizinhos, incluindo But\u00e3o, Maldivas, Bangladesh e Nepal.<\/p>\n","protected":false},"excerpt":{"rendered":"<p>O governo da \u00cdndia autorizou a exporta\u00e7\u00e3o de vacinas contra Covid-19. Com isso, as primeiras doses devem ser enviadas ao Brasil na sexta-feira (20), informou o secret\u00e1rio de Rela\u00e7\u00f5es Exteriores indiano \u00e0 ag\u00eancia Reuters. Adquiridas pelo governo brasileiro, as vacinas produzidas pela farmac\u00eautica brit\u00e2nica AstraZeneca e pela Universidade de Oxford est\u00e3o sendo fabricadas no Serum [&hellip;]<\/p>\n","protected":false},"author":2,"featured_media":92719,"comment_status":"open","ping_status":"open","sticky":false,"template":"","format":"standard","meta":{"footnotes":"","_links_to":"","_links_to_target":""},"categories":[1],"tags":[],"class_list":["post-92718","post","type-post","status-publish","format-standard","has-post-thumbnail","hentry","category-geral"],"views":948,"_links":{"self":[{"href":"https:\/\/www.sudoestehoje.com.br\/novoportal\/wp-json\/wp\/v2\/posts\/92718","targetHints":{"allow":["GET"]}}],"collection":[{"href":"https:\/\/www.sudoestehoje.com.br\/novoportal\/wp-json\/wp\/v2\/posts"}],"about":[{"href":"https:\/\/www.sudoestehoje.com.br\/novoportal\/wp-json\/wp\/v2\/types\/post"}],"author":[{"embeddable":true,"href":"https:\/\/www.sudoestehoje.com.br\/novoportal\/wp-json\/wp\/v2\/users\/2"}],"replies":[{"embeddable":true,"href":"https:\/\/www.sudoestehoje.com.br\/novoportal\/wp-json\/wp\/v2\/comments?post=92718"}],"version-history":[{"count":1,"href":"https:\/\/www.sudoestehoje.com.br\/novoportal\/wp-json\/wp\/v2\/posts\/92718\/revisions"}],"predecessor-version":[{"id":92720,"href":"https:\/\/www.sudoestehoje.com.br\/novoportal\/wp-json\/wp\/v2\/posts\/92718\/revisions\/92720"}],"wp:featuredmedia":[{"embeddable":true,"href":"https:\/\/www.sudoestehoje.com.br\/novoportal\/wp-json\/wp\/v2\/media\/92719"}],"wp:attachment":[{"href":"https:\/\/www.sudoestehoje.com.br\/novoportal\/wp-json\/wp\/v2\/media?parent=92718"}],"wp:term":[{"taxonomy":"category","embeddable":true,"href":"https:\/\/www.sudoestehoje.com.br\/novoportal\/wp-json\/wp\/v2\/categories?post=92718"},{"taxonomy":"post_tag","embeddable":true,"href":"https:\/\/www.sudoestehoje.com.br\/novoportal\/wp-json\/wp\/v2\/tags?post=92718"}],"curies":[{"name":"wp","href":"https:\/\/api.w.org\/{rel}","templated":true}]}}