
{"id":92714,"date":"2021-01-21T17:13:57","date_gmt":"2021-01-21T20:13:57","guid":{"rendered":"https:\/\/www.sudoestehoje.com.br\/novoportal\/?p=92714"},"modified":"2021-01-21T17:13:57","modified_gmt":"2021-01-21T20:13:57","slug":"entrevista-do-senador-otto-alencar-na-radio-fascinacao-repercute-em-toda-regiao","status":"publish","type":"post","link":"https:\/\/www.sudoestehoje.com.br\/novoportal\/2021\/01\/21\/entrevista-do-senador-otto-alencar-na-radio-fascinacao-repercute-em-toda-regiao\/","title":{"rendered":"ENTREVISTA DO SENADOR OTTO ALENCAR NA R\u00c1DIO FASCINA\u00c7\u00c3O REPERCUTE EM TODA REGI\u00c3O"},"content":{"rendered":"<p><a href=\"https:\/\/www.sudoestehoje.com.br\/novoportal\/wp-content\/uploads\/2021\/01\/Otto-1000x530-1.jpg\"><img loading=\"lazy\" decoding=\"async\" class=\"aligncenter size-medium wp-image-92715\" src=\"https:\/\/www.sudoestehoje.com.br\/novoportal\/wp-content\/uploads\/2021\/01\/Otto-1000x530-1-500x265.jpg\" alt=\"\" width=\"500\" height=\"265\" srcset=\"https:\/\/www.sudoestehoje.com.br\/novoportal\/wp-content\/uploads\/2021\/01\/Otto-1000x530-1-500x265.jpg 500w, https:\/\/www.sudoestehoje.com.br\/novoportal\/wp-content\/uploads\/2021\/01\/Otto-1000x530-1-700x371.jpg 700w, https:\/\/www.sudoestehoje.com.br\/novoportal\/wp-content\/uploads\/2021\/01\/Otto-1000x530-1-768x407.jpg 768w, https:\/\/www.sudoestehoje.com.br\/novoportal\/wp-content\/uploads\/2021\/01\/Otto-1000x530-1.jpg 1000w\" sizes=\"auto, (max-width: 500px) 100vw, 500px\" \/><\/a><\/p>\n<p>Entrevistado na noite desta quarta-feira (20) no programa PODCAST na R\u00e1dio Fascina\u00e7\u00e3o, pelo radialista e blogueiro Mauricio Ghomes, o Senador da Rep\u00fablica pelo PSD, Otto Alencar, presidente estadual da sigla, teve grande repercuss\u00e3o na regi\u00e3o.<\/p>\n<p>Perguntado se seria candidato a governador da Bahia, Otto foi comedido, como sempre, e respondeu que no momento certo ir\u00e1 tratar do assunto com o grupo pol\u00edtico que o acompanha, em in\u00fameros munic\u00edpios do estado.<\/p>\n<p>A entrevista do senador, dada por telefone, foi acompanhada com muita aten\u00e7\u00e3o pelo presidente do PSD de Itapetinga, Alfredo Cabral, fiel escudeiro do senador e h\u00e1bil articulador pol\u00edtico em Itapetinga e regi\u00e3o.<\/p>\n<p>Otto tem grande aceita\u00e7\u00e3o, caso venha a ser candidato ao governo, e a sua decis\u00e3o vem sendo aguardada com muita ansiedade no meio pol\u00edtico e por toda a imprensa.<\/p>\n<p>Vamos aguardar&#8230;<\/p>\n<p><strong><em>Reda\u00e7\u00e3o<\/em><\/strong><\/p>\n","protected":false},"excerpt":{"rendered":"<p>Entrevistado na noite desta quarta-feira (20) no programa PODCAST na R\u00e1dio Fascina\u00e7\u00e3o, pelo radialista e blogueiro Mauricio Ghomes, o Senador da Rep\u00fablica pelo PSD, Otto Alencar, presidente estadual da sigla, teve grande repercuss\u00e3o na regi\u00e3o. Perguntado se seria candidato a governador da Bahia, Otto foi comedido, como sempre, e respondeu que no momento certo ir\u00e1 [&hellip;]<\/p>\n","protected":false},"author":2,"featured_media":92715,"comment_status":"open","ping_status":"open","sticky":false,"template":"","format":"standard","meta":{"footnotes":"","_links_to":"","_links_to_target":""},"categories":[1],"tags":[],"class_list":["post-92714","post","type-post","status-publish","format-standard","has-post-thumbnail","hentry","category-geral"],"views":1059,"_links":{"self":[{"href":"https:\/\/www.sudoestehoje.com.br\/novoportal\/wp-json\/wp\/v2\/posts\/92714","targetHints":{"allow":["GET"]}}],"collection":[{"href":"https:\/\/www.sudoestehoje.com.br\/novoportal\/wp-json\/wp\/v2\/posts"}],"about":[{"href":"https:\/\/www.sudoestehoje.com.br\/novoportal\/wp-json\/wp\/v2\/types\/post"}],"author":[{"embeddable":true,"href":"https:\/\/www.sudoestehoje.com.br\/novoportal\/wp-json\/wp\/v2\/users\/2"}],"replies":[{"embeddable":true,"href":"https:\/\/www.sudoestehoje.com.br\/novoportal\/wp-json\/wp\/v2\/comments?post=92714"}],"version-history":[{"count":2,"href":"https:\/\/www.sudoestehoje.com.br\/novoportal\/wp-json\/wp\/v2\/posts\/92714\/revisions"}],"predecessor-version":[{"id":92717,"href":"https:\/\/www.sudoestehoje.com.br\/novoportal\/wp-json\/wp\/v2\/posts\/92714\/revisions\/92717"}],"wp:featuredmedia":[{"embeddable":true,"href":"https:\/\/www.sudoestehoje.com.br\/novoportal\/wp-json\/wp\/v2\/media\/92715"}],"wp:attachment":[{"href":"https:\/\/www.sudoestehoje.com.br\/novoportal\/wp-json\/wp\/v2\/media?parent=92714"}],"wp:term":[{"taxonomy":"category","embeddable":true,"href":"https:\/\/www.sudoestehoje.com.br\/novoportal\/wp-json\/wp\/v2\/categories?post=92714"},{"taxonomy":"post_tag","embeddable":true,"href":"https:\/\/www.sudoestehoje.com.br\/novoportal\/wp-json\/wp\/v2\/tags?post=92714"}],"curies":[{"name":"wp","href":"https:\/\/api.w.org\/{rel}","templated":true}]}}