
{"id":92702,"date":"2021-01-20T21:36:41","date_gmt":"2021-01-21T00:36:41","guid":{"rendered":"https:\/\/www.sudoestehoje.com.br\/novoportal\/?p=92702"},"modified":"2021-01-20T21:40:56","modified_gmt":"2021-01-21T00:40:56","slug":"itororo-e-a-segunda-cidade-do-interior-da-bahia-com-maior-incidencia-da-covid-19","status":"publish","type":"post","link":"https:\/\/www.sudoestehoje.com.br\/novoportal\/2021\/01\/20\/itororo-e-a-segunda-cidade-do-interior-da-bahia-com-maior-incidencia-da-covid-19\/","title":{"rendered":"ITOROR\u00d3 \u00c9 A SEGUNDA CIDADE DO INTERIOR DA BAHIA COM MAIOR INCID\u00caNCIA DA COVID-19"},"content":{"rendered":"<p><a href=\"https:\/\/www.sudoestehoje.com.br\/novoportal\/wp-content\/uploads\/2021\/01\/itororo.jpg\"><img loading=\"lazy\" decoding=\"async\" class=\"aligncenter size-medium wp-image-92706\" src=\"https:\/\/www.sudoestehoje.com.br\/novoportal\/wp-content\/uploads\/2021\/01\/itororo-500x263.jpg\" alt=\"\" width=\"500\" height=\"263\" srcset=\"https:\/\/www.sudoestehoje.com.br\/novoportal\/wp-content\/uploads\/2021\/01\/itororo-500x263.jpg 500w, https:\/\/www.sudoestehoje.com.br\/novoportal\/wp-content\/uploads\/2021\/01\/itororo-700x368.jpg 700w, https:\/\/www.sudoestehoje.com.br\/novoportal\/wp-content\/uploads\/2021\/01\/itororo-768x403.jpg 768w, https:\/\/www.sudoestehoje.com.br\/novoportal\/wp-content\/uploads\/2021\/01\/itororo.jpg 1200w\" sizes=\"auto, (max-width: 500px) 100vw, 500px\" \/><\/a><\/p>\n<p>De acordo com o boletim da Sesab, a cidade\u00a0 de Itoror\u00f3, no M\u00e9dio Sudoeste, \u00e9 a segunda cidade do interior da Bahia, com maior \u00edndice de incid\u00eancia da Covid-19, abaixo apenas de Ibirataia, no sul do estado.<\/p>\n<p>Salvador \u00e9 a cidade onde h\u00e1 o maior n\u00famero de casos proporcionais de pessoas atingidas pela doen\u00e7a: 22,24% do total. Dentre os munic\u00edpios com maior incid\u00eancia por 100 mil habitantes, as cidades que registram o maior coeficiente s\u00e3o Ibirataia (10.756,27), <strong><em>Itoror\u00f3 (8.944,17)<\/em><\/strong>, Muniz Ferreira (8.879,01), Concei\u00e7\u00e3o do Coit\u00e9 (8.663,60) e Itabuna (8.552,08).<\/p>\n<p>Segundo o Boletim Epidemiol\u00f3gico da Secretaria Municipal de Sa\u00fade de Itoror\u00f3, o n\u00famero de infectados evoluiu para <strong>1907<\/strong> casos confirmados, 1852 curados e 19 \u00f3bitos, nesta quarta-feira.<\/p>\n<p>O munic\u00edpio recebeu do governo federal <strong>255 doses<\/strong> da vacina Coronavac para imuniza\u00e7\u00e3o da sua popula\u00e7\u00e3o, na primeira etapa.<\/p>\n<p><strong><em>Por Davi Ferraz<\/em><\/strong><\/p>\n","protected":false},"excerpt":{"rendered":"<p>De acordo com o boletim da Sesab, a cidade\u00a0 de Itoror\u00f3, no M\u00e9dio Sudoeste, \u00e9 a segunda cidade do interior da Bahia, com maior \u00edndice de incid\u00eancia da Covid-19, abaixo apenas de Ibirataia, no sul do estado. Salvador \u00e9 a cidade onde h\u00e1 o maior n\u00famero de casos proporcionais de pessoas atingidas pela doen\u00e7a: 22,24% [&hellip;]<\/p>\n","protected":false},"author":2,"featured_media":92706,"comment_status":"open","ping_status":"open","sticky":false,"template":"","format":"standard","meta":{"footnotes":"","_links_to":"","_links_to_target":""},"categories":[1],"tags":[],"class_list":["post-92702","post","type-post","status-publish","format-standard","has-post-thumbnail","hentry","category-geral"],"views":5753,"_links":{"self":[{"href":"https:\/\/www.sudoestehoje.com.br\/novoportal\/wp-json\/wp\/v2\/posts\/92702","targetHints":{"allow":["GET"]}}],"collection":[{"href":"https:\/\/www.sudoestehoje.com.br\/novoportal\/wp-json\/wp\/v2\/posts"}],"about":[{"href":"https:\/\/www.sudoestehoje.com.br\/novoportal\/wp-json\/wp\/v2\/types\/post"}],"author":[{"embeddable":true,"href":"https:\/\/www.sudoestehoje.com.br\/novoportal\/wp-json\/wp\/v2\/users\/2"}],"replies":[{"embeddable":true,"href":"https:\/\/www.sudoestehoje.com.br\/novoportal\/wp-json\/wp\/v2\/comments?post=92702"}],"version-history":[{"count":5,"href":"https:\/\/www.sudoestehoje.com.br\/novoportal\/wp-json\/wp\/v2\/posts\/92702\/revisions"}],"predecessor-version":[{"id":92708,"href":"https:\/\/www.sudoestehoje.com.br\/novoportal\/wp-json\/wp\/v2\/posts\/92702\/revisions\/92708"}],"wp:featuredmedia":[{"embeddable":true,"href":"https:\/\/www.sudoestehoje.com.br\/novoportal\/wp-json\/wp\/v2\/media\/92706"}],"wp:attachment":[{"href":"https:\/\/www.sudoestehoje.com.br\/novoportal\/wp-json\/wp\/v2\/media?parent=92702"}],"wp:term":[{"taxonomy":"category","embeddable":true,"href":"https:\/\/www.sudoestehoje.com.br\/novoportal\/wp-json\/wp\/v2\/categories?post=92702"},{"taxonomy":"post_tag","embeddable":true,"href":"https:\/\/www.sudoestehoje.com.br\/novoportal\/wp-json\/wp\/v2\/tags?post=92702"}],"curies":[{"name":"wp","href":"https:\/\/api.w.org\/{rel}","templated":true}]}}