
{"id":92690,"date":"2021-01-20T09:40:47","date_gmt":"2021-01-20T12:40:47","guid":{"rendered":"https:\/\/www.sudoestehoje.com.br\/novoportal\/?p=92690"},"modified":"2021-01-20T09:40:47","modified_gmt":"2021-01-20T12:40:47","slug":"joe-biden-toma-posse-hoje-como-presidente-dos-estados-unidos-em-cerimonia-virtual","status":"publish","type":"post","link":"https:\/\/www.sudoestehoje.com.br\/novoportal\/2021\/01\/20\/joe-biden-toma-posse-hoje-como-presidente-dos-estados-unidos-em-cerimonia-virtual\/","title":{"rendered":"JOE BIDEN TOMA POSSE HOJE COMO PRESIDENTE DOS ESTADOS UNIDOS, EM CERIM\u00d4NIA VIRTUAL"},"content":{"rendered":"<p><a href=\"https:\/\/www.sudoestehoje.com.br\/novoportal\/wp-content\/uploads\/2021\/01\/BIDEN-POSSE.jpg\"><img loading=\"lazy\" decoding=\"async\" class=\"aligncenter size-medium wp-image-92692\" src=\"https:\/\/www.sudoestehoje.com.br\/novoportal\/wp-content\/uploads\/2021\/01\/BIDEN-POSSE-500x333.jpg\" alt=\"\" width=\"500\" height=\"333\" srcset=\"https:\/\/www.sudoestehoje.com.br\/novoportal\/wp-content\/uploads\/2021\/01\/BIDEN-POSSE-500x333.jpg 500w, https:\/\/www.sudoestehoje.com.br\/novoportal\/wp-content\/uploads\/2021\/01\/BIDEN-POSSE-700x467.jpg 700w, https:\/\/www.sudoestehoje.com.br\/novoportal\/wp-content\/uploads\/2021\/01\/BIDEN-POSSE-768x512.jpg 768w, https:\/\/www.sudoestehoje.com.br\/novoportal\/wp-content\/uploads\/2021\/01\/BIDEN-POSSE.jpg 924w\" sizes=\"auto, (max-width: 500px) 100vw, 500px\" \/><\/a><\/p>\n<p>Joe Biden assume nesta quarta-feira (20) como o 46\u00ba presidente dos Estados Unidos em uma cerim\u00f4nia com limita\u00e7\u00f5es provocadas pela pandemia do novo coronav\u00edrus e com seguran\u00e7a refor\u00e7ada, ap\u00f3s o ataque ao Capit\u00f3lio no in\u00edcio do m\u00eas. Acompanhado pela vice-presidente Kamala Harris eles tomam posse \u00e0s 12h (14h no hor\u00e1rio de Brasilia).<\/p>\n<p class=\"bodytext\">Devido \u00e0 pandemia, a cerim\u00f4nia de posse do democrata ter\u00e1 poucos convidados e n\u00e3o ter\u00e1 p\u00fablico, ao contr\u00e1rio do que tradicionalmente ocorre.<\/p>\n<p class=\"bodytext\">A equipe de transi\u00e7\u00e3o de Biden j\u00e1 previa um evento limitado devido \u00e0 covid-19, que nos Estados Unidos matou mais de 400 mil pessoas, mas o ataque ao Capit\u00f3lio no dia 6 de janeiro fez com que a prefeitura de Washington refor\u00e7asse a seguran\u00e7a da cidade. Na tarde ontem, 25 mil membros da Guarda Nacional aguardavam a chegada de Biden, mais que o dobro do efetivo de cerim\u00f4nias passadas.<\/p>\n<p class=\"bodytext\">A posse de Biden e Kamala Harris n\u00e3o ter\u00e1 desfile, multid\u00f5es ou baile, mas est\u00e3o previstos atos virtuais e televisionados para compensar a falta de p\u00fablico. O atual presidente, Donald Trump, n\u00e3o vai comparecer \u00e0 posse e ser\u00e1 substitu\u00eddo pelo vice, Mike Pence.<\/p>\n","protected":false},"excerpt":{"rendered":"<p>Joe Biden assume nesta quarta-feira (20) como o 46\u00ba presidente dos Estados Unidos em uma cerim\u00f4nia com limita\u00e7\u00f5es provocadas pela pandemia do novo coronav\u00edrus e com seguran\u00e7a refor\u00e7ada, ap\u00f3s o ataque ao Capit\u00f3lio no in\u00edcio do m\u00eas. Acompanhado pela vice-presidente Kamala Harris eles tomam posse \u00e0s 12h (14h no hor\u00e1rio de Brasilia). Devido \u00e0 pandemia, [&hellip;]<\/p>\n","protected":false},"author":2,"featured_media":92692,"comment_status":"open","ping_status":"open","sticky":false,"template":"","format":"standard","meta":{"footnotes":"","_links_to":"","_links_to_target":""},"categories":[1],"tags":[],"class_list":["post-92690","post","type-post","status-publish","format-standard","has-post-thumbnail","hentry","category-geral"],"views":828,"_links":{"self":[{"href":"https:\/\/www.sudoestehoje.com.br\/novoportal\/wp-json\/wp\/v2\/posts\/92690","targetHints":{"allow":["GET"]}}],"collection":[{"href":"https:\/\/www.sudoestehoje.com.br\/novoportal\/wp-json\/wp\/v2\/posts"}],"about":[{"href":"https:\/\/www.sudoestehoje.com.br\/novoportal\/wp-json\/wp\/v2\/types\/post"}],"author":[{"embeddable":true,"href":"https:\/\/www.sudoestehoje.com.br\/novoportal\/wp-json\/wp\/v2\/users\/2"}],"replies":[{"embeddable":true,"href":"https:\/\/www.sudoestehoje.com.br\/novoportal\/wp-json\/wp\/v2\/comments?post=92690"}],"version-history":[{"count":2,"href":"https:\/\/www.sudoestehoje.com.br\/novoportal\/wp-json\/wp\/v2\/posts\/92690\/revisions"}],"predecessor-version":[{"id":92693,"href":"https:\/\/www.sudoestehoje.com.br\/novoportal\/wp-json\/wp\/v2\/posts\/92690\/revisions\/92693"}],"wp:featuredmedia":[{"embeddable":true,"href":"https:\/\/www.sudoestehoje.com.br\/novoportal\/wp-json\/wp\/v2\/media\/92692"}],"wp:attachment":[{"href":"https:\/\/www.sudoestehoje.com.br\/novoportal\/wp-json\/wp\/v2\/media?parent=92690"}],"wp:term":[{"taxonomy":"category","embeddable":true,"href":"https:\/\/www.sudoestehoje.com.br\/novoportal\/wp-json\/wp\/v2\/categories?post=92690"},{"taxonomy":"post_tag","embeddable":true,"href":"https:\/\/www.sudoestehoje.com.br\/novoportal\/wp-json\/wp\/v2\/tags?post=92690"}],"curies":[{"name":"wp","href":"https:\/\/api.w.org\/{rel}","templated":true}]}}