
{"id":92681,"date":"2021-01-19T20:51:46","date_gmt":"2021-01-19T23:51:46","guid":{"rendered":"https:\/\/www.sudoestehoje.com.br\/novoportal\/?p=92681"},"modified":"2021-01-19T21:05:59","modified_gmt":"2021-01-20T00:05:59","slug":"itapetinga-juscelino-gomes-e-nomeado-para-o-cargo-de-ouvidor-do-municipio","status":"publish","type":"post","link":"https:\/\/www.sudoestehoje.com.br\/novoportal\/2021\/01\/19\/itapetinga-juscelino-gomes-e-nomeado-para-o-cargo-de-ouvidor-do-municipio\/","title":{"rendered":"ITAPETINGA: JUSCELINO GOMES \u00c9 NOMEADO PARA O CARGO DE OUVIDOR DO MUNIC\u00cdPIO"},"content":{"rendered":"<p><a href=\"https:\/\/www.sudoestehoje.com.br\/novoportal\/wp-content\/uploads\/2021\/01\/OUVIDOR.jpeg\"><img loading=\"lazy\" decoding=\"async\" class=\"aligncenter size-medium wp-image-92682\" src=\"https:\/\/www.sudoestehoje.com.br\/novoportal\/wp-content\/uploads\/2021\/01\/OUVIDOR-500x418.jpeg\" alt=\"\" width=\"500\" height=\"418\" srcset=\"https:\/\/www.sudoestehoje.com.br\/novoportal\/wp-content\/uploads\/2021\/01\/OUVIDOR-500x418.jpeg 500w, https:\/\/www.sudoestehoje.com.br\/novoportal\/wp-content\/uploads\/2021\/01\/OUVIDOR.jpeg 588w\" sizes=\"auto, (max-width: 500px) 100vw, 500px\" \/><\/a><\/p>\n<p>Com uma vota\u00e7\u00e3o expressiva na disputa por uma cadeira na \u00faltima elei\u00e7\u00e3o municipal, 617 votos, Juscelino Gomes (PSC), que no primeiro mandato do prefeito Rodrigo ocupou a secretaria de Desenvolvimento Econ\u00f4mico, retorna ao governo, agora, como Diretor da Ouvidoria do Munic\u00edpio.<\/p>\n<p>Questionado sobre a nomea\u00e7\u00e3o, Juscelino Gomes agradeceu, mais uma vez, a confian\u00e7a depositada pelo prefeito Rodrigo e ao presidente do PSC, Geraldo Trindade, pela costura pol\u00edtica que lhe possibilitou ocupar o cargo.<\/p>\n<p>Juscelino Gomes, pela caracter\u00edstica diplom\u00e1tica que lhe \u00e9 pr\u00f3pria, \u00e9 mais um acerto do prefeito Rodrigo na montagem do governo.<\/p>\n<p>Reda\u00e7\u00e3o<\/p>\n","protected":false},"excerpt":{"rendered":"<p>Com uma vota\u00e7\u00e3o expressiva na disputa por uma cadeira na \u00faltima elei\u00e7\u00e3o municipal, 617 votos, Juscelino Gomes (PSC), que no primeiro mandato do prefeito Rodrigo ocupou a secretaria de Desenvolvimento Econ\u00f4mico, retorna ao governo, agora, como Diretor da Ouvidoria do Munic\u00edpio. Questionado sobre a nomea\u00e7\u00e3o, Juscelino Gomes agradeceu, mais uma vez, a confian\u00e7a depositada pelo [&hellip;]<\/p>\n","protected":false},"author":2,"featured_media":92682,"comment_status":"open","ping_status":"open","sticky":false,"template":"","format":"standard","meta":{"footnotes":"","_links_to":"","_links_to_target":""},"categories":[1],"tags":[],"class_list":["post-92681","post","type-post","status-publish","format-standard","has-post-thumbnail","hentry","category-geral"],"views":1363,"_links":{"self":[{"href":"https:\/\/www.sudoestehoje.com.br\/novoportal\/wp-json\/wp\/v2\/posts\/92681","targetHints":{"allow":["GET"]}}],"collection":[{"href":"https:\/\/www.sudoestehoje.com.br\/novoportal\/wp-json\/wp\/v2\/posts"}],"about":[{"href":"https:\/\/www.sudoestehoje.com.br\/novoportal\/wp-json\/wp\/v2\/types\/post"}],"author":[{"embeddable":true,"href":"https:\/\/www.sudoestehoje.com.br\/novoportal\/wp-json\/wp\/v2\/users\/2"}],"replies":[{"embeddable":true,"href":"https:\/\/www.sudoestehoje.com.br\/novoportal\/wp-json\/wp\/v2\/comments?post=92681"}],"version-history":[{"count":2,"href":"https:\/\/www.sudoestehoje.com.br\/novoportal\/wp-json\/wp\/v2\/posts\/92681\/revisions"}],"predecessor-version":[{"id":92684,"href":"https:\/\/www.sudoestehoje.com.br\/novoportal\/wp-json\/wp\/v2\/posts\/92681\/revisions\/92684"}],"wp:featuredmedia":[{"embeddable":true,"href":"https:\/\/www.sudoestehoje.com.br\/novoportal\/wp-json\/wp\/v2\/media\/92682"}],"wp:attachment":[{"href":"https:\/\/www.sudoestehoje.com.br\/novoportal\/wp-json\/wp\/v2\/media?parent=92681"}],"wp:term":[{"taxonomy":"category","embeddable":true,"href":"https:\/\/www.sudoestehoje.com.br\/novoportal\/wp-json\/wp\/v2\/categories?post=92681"},{"taxonomy":"post_tag","embeddable":true,"href":"https:\/\/www.sudoestehoje.com.br\/novoportal\/wp-json\/wp\/v2\/tags?post=92681"}],"curies":[{"name":"wp","href":"https:\/\/api.w.org\/{rel}","templated":true}]}}