
{"id":92667,"date":"2021-01-19T19:42:08","date_gmt":"2021-01-19T22:42:08","guid":{"rendered":"https:\/\/www.sudoestehoje.com.br\/novoportal\/?p=92667"},"modified":"2021-01-19T19:42:08","modified_gmt":"2021-01-19T22:42:08","slug":"conquista-inicia-vacinacao-contra-covid-19","status":"publish","type":"post","link":"https:\/\/www.sudoestehoje.com.br\/novoportal\/2021\/01\/19\/conquista-inicia-vacinacao-contra-covid-19\/","title":{"rendered":"CONQUISTA INICIA VACINA\u00c7\u00c3O CONTRA COVID-19"},"content":{"rendered":"<div class=\"kvgmc6g5 cxmmr5t8 oygrvhab hcukyx3x c1et5uql ii04i59q\">\n<div dir=\"auto\">\n<p><a href=\"https:\/\/www.sudoestehoje.com.br\/novoportal\/wp-content\/uploads\/2021\/01\/vacina-conq.jpg\"><img loading=\"lazy\" decoding=\"async\" class=\"aligncenter size-medium wp-image-92670\" src=\"https:\/\/www.sudoestehoje.com.br\/novoportal\/wp-content\/uploads\/2021\/01\/vacina-conq-500x333.jpg\" alt=\"\" width=\"500\" height=\"333\" srcset=\"https:\/\/www.sudoestehoje.com.br\/novoportal\/wp-content\/uploads\/2021\/01\/vacina-conq-500x333.jpg 500w, https:\/\/www.sudoestehoje.com.br\/novoportal\/wp-content\/uploads\/2021\/01\/vacina-conq-700x467.jpg 700w, https:\/\/www.sudoestehoje.com.br\/novoportal\/wp-content\/uploads\/2021\/01\/vacina-conq-768x512.jpg 768w, https:\/\/www.sudoestehoje.com.br\/novoportal\/wp-content\/uploads\/2021\/01\/vacina-conq.jpg 1080w\" sizes=\"auto, (max-width: 500px) 100vw, 500px\" \/><\/a><\/p>\n<p>Come\u00e7ou na tarde desta ter\u00e7a-feira (19), a primeira fase de vacina\u00e7\u00e3o contra a Covid-19 em nosso munic\u00edpio. Nesta fase, est\u00e3o sendo vacinados os profissionais da sa\u00fade que atuam na linha de frente de combate ao novo coronav\u00edrus.<\/p>\n<p>At\u00e9 o momento, o munic\u00edpio foi contemplado com 4.040 doses da vacina, que ser\u00e1 utilizada na vacina\u00e7\u00e3o dos profissionais da sa\u00fade que atuam na linha de frente de combate ao novo coronav\u00edrus.<\/p>\n<p>At\u00e9 o momento, o munic\u00edpio foi contemplado com 4.040 doses da vacina, que ser\u00e1 utilizada na vacina\u00e7\u00e3o dos profissionais da sa\u00fade.<\/p>\n<p>O envio de mais vacinas \u00e9 esperado para contemplar os demais grupos dessa primeira fase: idosos a partir de 75 anos ou acima de 60 anos que residam em institui\u00e7\u00f5es de longa perman\u00eancia.<\/p>\n<\/div>\n<\/div>\n","protected":false},"excerpt":{"rendered":"<p>Come\u00e7ou na tarde desta ter\u00e7a-feira (19), a primeira fase de vacina\u00e7\u00e3o contra a Covid-19 em nosso munic\u00edpio. Nesta fase, est\u00e3o sendo vacinados os profissionais da sa\u00fade que atuam na linha de frente de combate ao novo coronav\u00edrus. At\u00e9 o momento, o munic\u00edpio foi contemplado com 4.040 doses da vacina, que ser\u00e1 utilizada na vacina\u00e7\u00e3o dos [&hellip;]<\/p>\n","protected":false},"author":2,"featured_media":92670,"comment_status":"open","ping_status":"open","sticky":false,"template":"","format":"standard","meta":{"footnotes":"","_links_to":"","_links_to_target":""},"categories":[1],"tags":[],"class_list":["post-92667","post","type-post","status-publish","format-standard","has-post-thumbnail","hentry","category-geral"],"views":836,"_links":{"self":[{"href":"https:\/\/www.sudoestehoje.com.br\/novoportal\/wp-json\/wp\/v2\/posts\/92667","targetHints":{"allow":["GET"]}}],"collection":[{"href":"https:\/\/www.sudoestehoje.com.br\/novoportal\/wp-json\/wp\/v2\/posts"}],"about":[{"href":"https:\/\/www.sudoestehoje.com.br\/novoportal\/wp-json\/wp\/v2\/types\/post"}],"author":[{"embeddable":true,"href":"https:\/\/www.sudoestehoje.com.br\/novoportal\/wp-json\/wp\/v2\/users\/2"}],"replies":[{"embeddable":true,"href":"https:\/\/www.sudoestehoje.com.br\/novoportal\/wp-json\/wp\/v2\/comments?post=92667"}],"version-history":[{"count":4,"href":"https:\/\/www.sudoestehoje.com.br\/novoportal\/wp-json\/wp\/v2\/posts\/92667\/revisions"}],"predecessor-version":[{"id":92672,"href":"https:\/\/www.sudoestehoje.com.br\/novoportal\/wp-json\/wp\/v2\/posts\/92667\/revisions\/92672"}],"wp:featuredmedia":[{"embeddable":true,"href":"https:\/\/www.sudoestehoje.com.br\/novoportal\/wp-json\/wp\/v2\/media\/92670"}],"wp:attachment":[{"href":"https:\/\/www.sudoestehoje.com.br\/novoportal\/wp-json\/wp\/v2\/media?parent=92667"}],"wp:term":[{"taxonomy":"category","embeddable":true,"href":"https:\/\/www.sudoestehoje.com.br\/novoportal\/wp-json\/wp\/v2\/categories?post=92667"},{"taxonomy":"post_tag","embeddable":true,"href":"https:\/\/www.sudoestehoje.com.br\/novoportal\/wp-json\/wp\/v2\/tags?post=92667"}],"curies":[{"name":"wp","href":"https:\/\/api.w.org\/{rel}","templated":true}]}}