
{"id":92655,"date":"2021-01-19T08:25:55","date_gmt":"2021-01-19T11:25:55","guid":{"rendered":"https:\/\/www.sudoestehoje.com.br\/novoportal\/?p=92655"},"modified":"2021-01-19T10:15:01","modified_gmt":"2021-01-19T13:15:01","slug":"itapetinga-rebebe-da-sesab-apenas-860-doses-da-vacina-coronavac","status":"publish","type":"post","link":"https:\/\/www.sudoestehoje.com.br\/novoportal\/2021\/01\/19\/itapetinga-rebebe-da-sesab-apenas-860-doses-da-vacina-coronavac\/","title":{"rendered":"ITAPETINGA RECEBE DA SESAB APENAS 860 DOSES DA VACINA CORONAVAC"},"content":{"rendered":"<p><a href=\"https:\/\/www.sudoestehoje.com.br\/novoportal\/wp-content\/uploads\/2021\/01\/ITAPETINGA-FOTO-GAZINHO.jpg\"><img loading=\"lazy\" decoding=\"async\" class=\"aligncenter size-medium wp-image-92657\" src=\"https:\/\/www.sudoestehoje.com.br\/novoportal\/wp-content\/uploads\/2021\/01\/ITAPETINGA-FOTO-GAZINHO-500x500.jpg\" alt=\"\" width=\"500\" height=\"500\" srcset=\"https:\/\/www.sudoestehoje.com.br\/novoportal\/wp-content\/uploads\/2021\/01\/ITAPETINGA-FOTO-GAZINHO-500x500.jpg 500w, https:\/\/www.sudoestehoje.com.br\/novoportal\/wp-content\/uploads\/2021\/01\/ITAPETINGA-FOTO-GAZINHO-700x700.jpg 700w, https:\/\/www.sudoestehoje.com.br\/novoportal\/wp-content\/uploads\/2021\/01\/ITAPETINGA-FOTO-GAZINHO-150x150.jpg 150w, https:\/\/www.sudoestehoje.com.br\/novoportal\/wp-content\/uploads\/2021\/01\/ITAPETINGA-FOTO-GAZINHO-768x768.jpg 768w, https:\/\/www.sudoestehoje.com.br\/novoportal\/wp-content\/uploads\/2021\/01\/ITAPETINGA-FOTO-GAZINHO.jpg 895w\" sizes=\"auto, (max-width: 500px) 100vw, 500px\" \/><\/a><\/p>\n<p>O munic\u00edpio de Itapetinga acaba de receber da Secretaria de Sa\u00fade do Governo do Estado &#8211; SESAB, 860 doses da vacina contra a Covid-19, para serem aplicadas na primeira fase da vacina\u00e7\u00e3o, de acordo com o plano municipal.<\/p>\n<p>A quantidade frustra as expectativas da Secretaria Municipal de Sa\u00fade, que esperava receber uma quantidade bem superior, nesta primeira fase.<\/p>\n<p>A informa\u00e7\u00e3o foi dada em primeira m\u00e3o pelo prefeito Rodrigo Hagge, ao <strong><em>Sudoeste Hoje<\/em><\/strong>, nas primeiras horas da manh\u00e3 desta ter\u00e7a-feira (19).<\/p>\n<p>A primeira dose da vacina em Itapetinga dever\u00e1 ser aplicada em um profissional da sa\u00fade mais idoso do munic\u00edpio. Em seguida os demais profissionais envolvidos diretamente no atendimento e parte de outros grupos priorit\u00e1rios, ser\u00e3o vacinados.<\/p>\n<p>Profissionais de sa\u00fade da UPA, SAMU, HCR e Cl\u00ednicas, envolvidos diretamente no combate \u00e0 pandemia, ser\u00e3o vacinados prioritariamente<\/p>\n<p>O prefeito Rodrigo Hagge anunciar\u00e1, nas pr\u00f3ximas horas, o in\u00edcio da vacina\u00e7\u00e3o, que poder\u00e1 acontecer ainda hoje.<\/p>\n<p><strong><em>Por Davi Ferraz\u00a0<\/em><\/strong><\/p>\n","protected":false},"excerpt":{"rendered":"<p>O munic\u00edpio de Itapetinga acaba de receber da Secretaria de Sa\u00fade do Governo do Estado &#8211; SESAB, 860 doses da vacina contra a Covid-19, para serem aplicadas na primeira fase da vacina\u00e7\u00e3o, de acordo com o plano municipal. A quantidade frustra as expectativas da Secretaria Municipal de Sa\u00fade, que esperava receber uma quantidade bem superior, [&hellip;]<\/p>\n","protected":false},"author":2,"featured_media":92657,"comment_status":"open","ping_status":"open","sticky":false,"template":"","format":"standard","meta":{"footnotes":"","_links_to":"","_links_to_target":""},"categories":[1],"tags":[],"class_list":["post-92655","post","type-post","status-publish","format-standard","has-post-thumbnail","hentry","category-geral"],"views":1221,"_links":{"self":[{"href":"https:\/\/www.sudoestehoje.com.br\/novoportal\/wp-json\/wp\/v2\/posts\/92655","targetHints":{"allow":["GET"]}}],"collection":[{"href":"https:\/\/www.sudoestehoje.com.br\/novoportal\/wp-json\/wp\/v2\/posts"}],"about":[{"href":"https:\/\/www.sudoestehoje.com.br\/novoportal\/wp-json\/wp\/v2\/types\/post"}],"author":[{"embeddable":true,"href":"https:\/\/www.sudoestehoje.com.br\/novoportal\/wp-json\/wp\/v2\/users\/2"}],"replies":[{"embeddable":true,"href":"https:\/\/www.sudoestehoje.com.br\/novoportal\/wp-json\/wp\/v2\/comments?post=92655"}],"version-history":[{"count":4,"href":"https:\/\/www.sudoestehoje.com.br\/novoportal\/wp-json\/wp\/v2\/posts\/92655\/revisions"}],"predecessor-version":[{"id":92665,"href":"https:\/\/www.sudoestehoje.com.br\/novoportal\/wp-json\/wp\/v2\/posts\/92655\/revisions\/92665"}],"wp:featuredmedia":[{"embeddable":true,"href":"https:\/\/www.sudoestehoje.com.br\/novoportal\/wp-json\/wp\/v2\/media\/92657"}],"wp:attachment":[{"href":"https:\/\/www.sudoestehoje.com.br\/novoportal\/wp-json\/wp\/v2\/media?parent=92655"}],"wp:term":[{"taxonomy":"category","embeddable":true,"href":"https:\/\/www.sudoestehoje.com.br\/novoportal\/wp-json\/wp\/v2\/categories?post=92655"},{"taxonomy":"post_tag","embeddable":true,"href":"https:\/\/www.sudoestehoje.com.br\/novoportal\/wp-json\/wp\/v2\/tags?post=92655"}],"curies":[{"name":"wp","href":"https:\/\/api.w.org\/{rel}","templated":true}]}}