
{"id":92634,"date":"2021-01-18T10:05:52","date_gmt":"2021-01-18T13:05:52","guid":{"rendered":"https:\/\/www.sudoestehoje.com.br\/novoportal\/?p=92634"},"modified":"2021-01-18T10:05:52","modified_gmt":"2021-01-18T13:05:52","slug":"vacinas-para-itapetinga-e-regiao-chegarao-via-aerea-nesta-terca-feira","status":"publish","type":"post","link":"https:\/\/www.sudoestehoje.com.br\/novoportal\/2021\/01\/18\/vacinas-para-itapetinga-e-regiao-chegarao-via-aerea-nesta-terca-feira\/","title":{"rendered":"VACINAS PARA ITAPETINGA E REGI\u00c3O CHEGAR\u00c3O VIA A\u00c9REA NESTA TER\u00c7A-FEIRA"},"content":{"rendered":"<p><a href=\"https:\/\/www.sudoestehoje.com.br\/novoportal\/wp-content\/uploads\/2021\/01\/Avi\u00e3o-da-SESAB-533x300-1.jpg\"><img loading=\"lazy\" decoding=\"async\" class=\"aligncenter size-medium wp-image-92635\" src=\"https:\/\/www.sudoestehoje.com.br\/novoportal\/wp-content\/uploads\/2021\/01\/Avi\u00e3o-da-SESAB-533x300-1-500x281.jpg\" alt=\"\" width=\"500\" height=\"281\" srcset=\"https:\/\/www.sudoestehoje.com.br\/novoportal\/wp-content\/uploads\/2021\/01\/Avi\u00e3o-da-SESAB-533x300-1-500x281.jpg 500w, https:\/\/www.sudoestehoje.com.br\/novoportal\/wp-content\/uploads\/2021\/01\/Avi\u00e3o-da-SESAB-533x300-1.jpg 533w\" sizes=\"auto, (max-width: 500px) 100vw, 500px\" \/><\/a><\/p>\n<p>De acordo com a log\u00edstica estabelecida pela Secretaria de Sa\u00fade do Estado &#8211; Sesab, os munic\u00edpios com at\u00e9 300 km de dist\u00e2ncia da capital, receber\u00e3o as vacinas contra Coronav\u00edrus por via terrestre.<\/p>\n<p>J\u00e1 os munic\u00edpios mais distantes, a exemplo de Itapetinga (560 km), o transporte das vacinas ser\u00e1 realizado por via a\u00e9rea, com aeronaves do Governo do Estado da Bahia.<\/p>\n<p>As vacinas ser\u00e3o entregues aos n\u00facleos regionais de sa\u00fade (antigas Dires), que repassar\u00e3o as cotas de cada cidade, \u00e0s respectivas secretarias municipais de sa\u00fade.<\/p>\n<p><em><strong>Por Davi Ferraz<\/strong><\/em><\/p>\n","protected":false},"excerpt":{"rendered":"<p>De acordo com a log\u00edstica estabelecida pela Secretaria de Sa\u00fade do Estado &#8211; Sesab, os munic\u00edpios com at\u00e9 300 km de dist\u00e2ncia da capital, receber\u00e3o as vacinas contra Coronav\u00edrus por via terrestre. J\u00e1 os munic\u00edpios mais distantes, a exemplo de Itapetinga (560 km), o transporte das vacinas ser\u00e1 realizado por via a\u00e9rea, com aeronaves do [&hellip;]<\/p>\n","protected":false},"author":2,"featured_media":92635,"comment_status":"open","ping_status":"open","sticky":false,"template":"","format":"standard","meta":{"footnotes":"","_links_to":"","_links_to_target":""},"categories":[1],"tags":[],"class_list":["post-92634","post","type-post","status-publish","format-standard","has-post-thumbnail","hentry","category-geral"],"views":5736,"_links":{"self":[{"href":"https:\/\/www.sudoestehoje.com.br\/novoportal\/wp-json\/wp\/v2\/posts\/92634","targetHints":{"allow":["GET"]}}],"collection":[{"href":"https:\/\/www.sudoestehoje.com.br\/novoportal\/wp-json\/wp\/v2\/posts"}],"about":[{"href":"https:\/\/www.sudoestehoje.com.br\/novoportal\/wp-json\/wp\/v2\/types\/post"}],"author":[{"embeddable":true,"href":"https:\/\/www.sudoestehoje.com.br\/novoportal\/wp-json\/wp\/v2\/users\/2"}],"replies":[{"embeddable":true,"href":"https:\/\/www.sudoestehoje.com.br\/novoportal\/wp-json\/wp\/v2\/comments?post=92634"}],"version-history":[{"count":1,"href":"https:\/\/www.sudoestehoje.com.br\/novoportal\/wp-json\/wp\/v2\/posts\/92634\/revisions"}],"predecessor-version":[{"id":92636,"href":"https:\/\/www.sudoestehoje.com.br\/novoportal\/wp-json\/wp\/v2\/posts\/92634\/revisions\/92636"}],"wp:featuredmedia":[{"embeddable":true,"href":"https:\/\/www.sudoestehoje.com.br\/novoportal\/wp-json\/wp\/v2\/media\/92635"}],"wp:attachment":[{"href":"https:\/\/www.sudoestehoje.com.br\/novoportal\/wp-json\/wp\/v2\/media?parent=92634"}],"wp:term":[{"taxonomy":"category","embeddable":true,"href":"https:\/\/www.sudoestehoje.com.br\/novoportal\/wp-json\/wp\/v2\/categories?post=92634"},{"taxonomy":"post_tag","embeddable":true,"href":"https:\/\/www.sudoestehoje.com.br\/novoportal\/wp-json\/wp\/v2\/tags?post=92634"}],"curies":[{"name":"wp","href":"https:\/\/api.w.org\/{rel}","templated":true}]}}