
{"id":92629,"date":"2021-01-18T09:46:56","date_gmt":"2021-01-18T12:46:56","guid":{"rendered":"https:\/\/www.sudoestehoje.com.br\/novoportal\/?p=92629"},"modified":"2021-01-18T18:13:38","modified_gmt":"2021-01-18T21:13:38","slug":"bahia-recebera-376-mil-doses-de-vacina-coronavac-na-primeira-remessa","status":"publish","type":"post","link":"https:\/\/www.sudoestehoje.com.br\/novoportal\/2021\/01\/18\/bahia-recebera-376-mil-doses-de-vacina-coronavac-na-primeira-remessa\/","title":{"rendered":"BAHIA RECEBER\u00c1 376 MIL DOSES DE VACINA CORONAVAC NA PRIMEIRA REMESSA"},"content":{"rendered":"<p><a href=\"https:\/\/www.sudoestehoje.com.br\/novoportal\/wp-content\/uploads\/2021\/01\/coronavac-960x540-2.jpg\"><img loading=\"lazy\" decoding=\"async\" class=\"aligncenter size-medium wp-image-92631\" src=\"https:\/\/www.sudoestehoje.com.br\/novoportal\/wp-content\/uploads\/2021\/01\/coronavac-960x540-2-500x281.jpg\" alt=\"\" width=\"500\" height=\"281\" srcset=\"https:\/\/www.sudoestehoje.com.br\/novoportal\/wp-content\/uploads\/2021\/01\/coronavac-960x540-2-500x281.jpg 500w, https:\/\/www.sudoestehoje.com.br\/novoportal\/wp-content\/uploads\/2021\/01\/coronavac-960x540-2-700x394.jpg 700w, https:\/\/www.sudoestehoje.com.br\/novoportal\/wp-content\/uploads\/2021\/01\/coronavac-960x540-2-768x432.jpg 768w, https:\/\/www.sudoestehoje.com.br\/novoportal\/wp-content\/uploads\/2021\/01\/coronavac-960x540-2.jpg 960w\" sizes=\"auto, (max-width: 500px) 100vw, 500px\" \/><\/a><\/p>\n<p>A Bahia vai receber 376.600 doses da Coronavac nesta segunda-feira (18). A divis\u00e3o com a quantidade de doses por estado foi divulgada pelo Minist\u00e9rio da Sa\u00fade, na noite de domingo (18). Dessa forma, ser\u00e3o vacinadas 179.361 pessoas, considerando as duas doses necess\u00e1rias e tamb\u00e9m a perda t\u00e9cnica que pode acontecer durante o transporte.<\/p>\n<p class=\"bodytext\">O n\u00famero de doses n\u00e3o contempla o total de pessoas que fazem parte do grupo priorit\u00e1rio da fase 1, segundo o plano de vacina\u00e7\u00e3o do governo do estado. Nesta fase, est\u00e3o contemplados trabalhadores da \u00e1rea de sa\u00fade, idosos com mais de 75 anos, brasileiros acima de 60 anos que vivem em institui\u00e7\u00f5es de longa perman\u00eancia, ind\u00edgenas e comunidades tradicionais, totalizando 1.791.438 de pessoas. Para atender a todas, ser\u00e3o necess\u00e1rias 3.582.876 doses.<\/p>\n<p class=\"bodytext\">Segundo o Minist\u00e9rio da Sa\u00fade, com essas primeiras doses ser\u00e3o vacinadas,\u00a0na Bahia, 9.788 pessoas com 60 anos ou mais institucionalizadas; 829 pessoas com defici\u00eancia institucionalizadas; 27.201 ind\u00edgenas; e 142.087 profissionais da sa\u00fade, o que corresponde a 34% desse p\u00fablico.<\/p>\n<p>A expectativa da Secretaria estadual da Sa\u00fade (Sesab) era receber 422 mil doses. De acordo com o plano divulgado pelo governo estadual, as doses ser\u00e3o levadas por via terrestre para as cidades da Regi\u00e3o Metropolitana de Salvador, Feira de Santana, Alagoinhas, Santo Ant\u00f4nio de Jesus, Serrinha, Mundo Novo, Itaberaba, Amargosa e Cruz das Almas. Por via a\u00e9rea, a entrega ser\u00e1 nas cidades de Gandu, Ilh\u00e9us, Itabuna, Eun\u00e1polis, Teixeira de Freitas, Paulo Afonso, C\u00edcero Dantas,\u00a0Jequi\u00e9, <strong><em>Itapetinga<\/em><\/strong>, Juazeiro, Jacobina, Brumado, Vit\u00f3ria da Conquista, Irec\u00ea, Ibotirama, Boquira, Caetit\u00e9, Barreiras, Santa Maria da Vit\u00f3ria, Seabra, Senhor do Bonfim e Guanambi. <strong><em>\/\/Correio<\/em><\/strong><\/p>\n","protected":false},"excerpt":{"rendered":"<p>A Bahia vai receber 376.600 doses da Coronavac nesta segunda-feira (18). A divis\u00e3o com a quantidade de doses por estado foi divulgada pelo Minist\u00e9rio da Sa\u00fade, na noite de domingo (18). Dessa forma, ser\u00e3o vacinadas 179.361 pessoas, considerando as duas doses necess\u00e1rias e tamb\u00e9m a perda t\u00e9cnica que pode acontecer durante o transporte. O n\u00famero [&hellip;]<\/p>\n","protected":false},"author":2,"featured_media":92631,"comment_status":"open","ping_status":"open","sticky":false,"template":"","format":"standard","meta":{"footnotes":"","_links_to":"","_links_to_target":""},"categories":[1],"tags":[],"class_list":["post-92629","post","type-post","status-publish","format-standard","has-post-thumbnail","hentry","category-geral"],"views":854,"_links":{"self":[{"href":"https:\/\/www.sudoestehoje.com.br\/novoportal\/wp-json\/wp\/v2\/posts\/92629","targetHints":{"allow":["GET"]}}],"collection":[{"href":"https:\/\/www.sudoestehoje.com.br\/novoportal\/wp-json\/wp\/v2\/posts"}],"about":[{"href":"https:\/\/www.sudoestehoje.com.br\/novoportal\/wp-json\/wp\/v2\/types\/post"}],"author":[{"embeddable":true,"href":"https:\/\/www.sudoestehoje.com.br\/novoportal\/wp-json\/wp\/v2\/users\/2"}],"replies":[{"embeddable":true,"href":"https:\/\/www.sudoestehoje.com.br\/novoportal\/wp-json\/wp\/v2\/comments?post=92629"}],"version-history":[{"count":5,"href":"https:\/\/www.sudoestehoje.com.br\/novoportal\/wp-json\/wp\/v2\/posts\/92629\/revisions"}],"predecessor-version":[{"id":92638,"href":"https:\/\/www.sudoestehoje.com.br\/novoportal\/wp-json\/wp\/v2\/posts\/92629\/revisions\/92638"}],"wp:featuredmedia":[{"embeddable":true,"href":"https:\/\/www.sudoestehoje.com.br\/novoportal\/wp-json\/wp\/v2\/media\/92631"}],"wp:attachment":[{"href":"https:\/\/www.sudoestehoje.com.br\/novoportal\/wp-json\/wp\/v2\/media?parent=92629"}],"wp:term":[{"taxonomy":"category","embeddable":true,"href":"https:\/\/www.sudoestehoje.com.br\/novoportal\/wp-json\/wp\/v2\/categories?post=92629"},{"taxonomy":"post_tag","embeddable":true,"href":"https:\/\/www.sudoestehoje.com.br\/novoportal\/wp-json\/wp\/v2\/tags?post=92629"}],"curies":[{"name":"wp","href":"https:\/\/api.w.org\/{rel}","templated":true}]}}